{"id":15189,"date":"2019-11-11T05:01:00","date_gmt":"2019-11-11T08:01:00","guid":{"rendered":"http:\/\/progepe.ufpr.br\/portal\/?post_type=portarias&#038;p=15189"},"modified":"2023-08-03T13:16:45","modified_gmt":"2023-08-03T16:16:45","slug":"rt-2019-01068","status":"publish","type":"post","link":"https:\/\/progepe.ufpr.br\/portarias\/rt-2019-01068\/","title":{"rendered":"PORTARIA N\u00ba 01068\/REITORIA, DE 07 DE NOVEMBRO DE 2019"},"content":{"rendered":"\n<p><strong>A Vice-Reitora da Universidade Federal do Paran\u00e1, no exerc\u00edcio do cargo de Reitora, <\/strong>no uso de suas atribui\u00e7\u00f5es, e considerando o que consta do processo n\u00ba 23075.076846\/2019-61,<\/p>\n\n\n\n<p>RESOLVE:<\/p>\n\n\n\n<p>I. Exonerar, a pedido, a partir de 04 de \nnovembro 2019, do Quadro Permanente desta Universidade, MICHELE CRISTINE\n KUHNEN DE SOUZA &#8211; 1653117, ocupante do cargo de Assistente em \nAdministra\u00e7\u00e3o, lotada no N\u00facleo de Assuntos Acad\u00eamico da Pr\u00f3-Reitoria de\n Gradua\u00e7\u00e3o.<\/p>\n\n\n\n<p>II. Declarar aberta a vaga.<\/p>\n\n\n\n<p style=\"text-align:right\"><strong>GRACIELA INES BOLZON DE MUNIZ<\/strong><\/p>\n\n\n\n<p> <\/p>\n","protected":false},"excerpt":{"rendered":"<p>I. Exonerar, a pedido, a partir de 04 de novembro 2019, do Quadro Permanente desta Universidade, MICHELE CRISTINE KUHNEN DE SOUZA &#8211; 1653117, ocupante do cargo de Assistente em Administra\u00e7\u00e3o, lotada no N\u00facleo de Assuntos Acad\u00eamico da Pr\u00f3-Reitoria de Gradua\u00e7\u00e3o.  II. Declarar aberta a vaga.  <!-- wp:paragraph {\"align\":\"right\"} \n\n<p style=\"text-align:right\"><strong>GRACIELA INES BOLZON DE MUNIZ<\/strong>\n<\/p>\n","protected":false},"author":48,"featured_media":0,"comment_status":"closed","ping_status":"closed","sticky":false,"template":"","format":"standard","meta":{"_acf_changed":false,"iawp_total_views":0,"footnotes":""},"categories":[117],"tags":[122],"class_list":["post-15189","post","type-post","status-publish","format-standard","hentry","category-rt","tag-exoneracao"],"acf":[],"_links":{"self":[{"href":"https:\/\/progepe.ufpr.br\/portarias\/wp-json\/wp\/v2\/posts\/15189","targetHints":{"allow":["GET"]}}],"collection":[{"href":"https:\/\/progepe.ufpr.br\/portarias\/wp-json\/wp\/v2\/posts"}],"about":[{"href":"https:\/\/progepe.ufpr.br\/portarias\/wp-json\/wp\/v2\/types\/post"}],"author":[{"embeddable":true,"href":"https:\/\/progepe.ufpr.br\/portarias\/wp-json\/wp\/v2\/users\/48"}],"replies":[{"embeddable":true,"href":"https:\/\/progepe.ufpr.br\/portarias\/wp-json\/wp\/v2\/comments?post=15189"}],"version-history":[{"count":1,"href":"https:\/\/progepe.ufpr.br\/portarias\/wp-json\/wp\/v2\/posts\/15189\/revisions"}],"predecessor-version":[{"id":191171,"href":"https:\/\/progepe.ufpr.br\/portarias\/wp-json\/wp\/v2\/posts\/15189\/revisions\/191171"}],"wp:attachment":[{"href":"https:\/\/progepe.ufpr.br\/portarias\/wp-json\/wp\/v2\/media?parent=15189"}],"wp:term":[{"taxonomy":"category","embeddable":true,"href":"https:\/\/progepe.ufpr.br\/portarias\/wp-json\/wp\/v2\/categories?post=15189"},{"taxonomy":"post_tag","embeddable":true,"href":"https:\/\/progepe.ufpr.br\/portarias\/wp-json\/wp\/v2\/tags?post=15189"}],"curies":[{"name":"wp","href":"https:\/\/api.w.org\/{rel}","templated":true}]}}