{"id":15198,"date":"2019-11-11T05:02:00","date_gmt":"2019-11-11T08:02:00","guid":{"rendered":"http:\/\/progepe.ufpr.br\/portal\/?post_type=portarias&#038;p=15198"},"modified":"2023-08-03T13:16:45","modified_gmt":"2023-08-03T16:16:45","slug":"rt-2019-01069","status":"publish","type":"post","link":"https:\/\/progepe.ufpr.br\/portarias\/rt-2019-01069\/","title":{"rendered":"PORTARIA N\u00ba 01069\/REITORIA, DE 07 DE NOVEMBRO DE 2019"},"content":{"rendered":"\n<p><strong>A Vice-Reitora da Universidade Federal do Paran\u00e1, no exerc\u00edcio do cargo de Reitora,<\/strong>no  uso de suas atribui\u00e7\u00f5es, tendo em vista a compet\u00eancia que lhe \u00e9  conferida pela Portaria n\u00ba 1.427\/MEC, de 06 de agosto de 2019, publicada  no DOU de 07.08.2019; o que consta no Art. 9\u00ba, inciso I da Lei n\u00ba  8.112\/90; Decreto n\u00ba 7.485, de 18.05.2011, publicado no DOU de  19.05.2011, atualizado pelo Decreto n\u00ba 8.259, de 20.05.2014, publicado  no DOU de 30.05.2014; Lei n\u00ba 12.772\/2012 e suas altera\u00e7\u00f5es; e ainda o  que consta no processo n\u00ba 23075.069165\/2019-46, <\/p>\n\n\n\n<p>RESOLVE:<\/p>\n\n\n\n<p>I. Nomear em car\u00e1ter efetivo, EVERTON \nBEDIN, habilitado em concurso p\u00fablico de provas e t\u00edtulos, homologado em\n 30.08.2019, para o cargo de Professor na carreira de Magist\u00e9rio \nSuperior, classe A, Adjunto A, n\u00edvel I, em regime de trabalho de \nDedica\u00e7\u00e3o Exclusiva, na \u00e1rea de conhecimento: Ensino de Qu\u00edmica, para o \nDepartamento de Qu\u00edmica do Setor de Ci\u00eancias Exatas, na vaga de c\u00f3digo \nn\u00ba 264843.<\/p>\n\n\n\n<p>II. Conceder retribui\u00e7\u00e3o por titula\u00e7\u00e3o, de  acordo com o Art. 16, Inciso II e Art. 17 da Lei n\u00ba 12.772\/2012, a  partir da data de exerc\u00edcio, tendo em vista possuir o t\u00edtulo de Doutor.<\/p>\n\n\n\n<p style=\"text-align:right\"><strong>GRACIELA INES BOLZON DE MUNIZ<\/strong><\/p>\n","protected":false},"excerpt":{"rendered":"<p>I. Nomear em car\u00e1ter efetivo, EVERTON BEDIN, habilitado em concurso p\u00fablico de provas e t\u00edtulos, homologado em 30.08.2019, para o cargo de Professor na carreira de Magist\u00e9rio Superior, classe A, Adjunto A, n\u00edvel I, em regime de trabalho de Dedica\u00e7\u00e3o Exclusiva, na \u00e1rea de conhecimento: Ensino de Qu\u00edmica, para o Departamento de Qu\u00edmica do Setor de Ci\u00eancias Exatas, na vaga de c\u00f3digo n\u00ba 264843.  II. Conceder retribui\u00e7\u00e3o por titula\u00e7\u00e3o, de acordo com o Art. 16, Inciso II e Art. 17 da Lei n\u00ba 12.772\/2012, a partir da data de exerc\u00edcio, tendo em vista possuir o t\u00edtulo de<\/p>\n","protected":false},"author":48,"featured_media":0,"comment_status":"closed","ping_status":"closed","sticky":false,"template":"","format":"standard","meta":{"_acf_changed":false,"iawp_total_views":0,"footnotes":""},"categories":[117],"tags":[121],"class_list":["post-15198","post","type-post","status-publish","format-standard","hentry","category-rt","tag-nomeacao"],"acf":[],"_links":{"self":[{"href":"https:\/\/progepe.ufpr.br\/portarias\/wp-json\/wp\/v2\/posts\/15198","targetHints":{"allow":["GET"]}}],"collection":[{"href":"https:\/\/progepe.ufpr.br\/portarias\/wp-json\/wp\/v2\/posts"}],"about":[{"href":"https:\/\/progepe.ufpr.br\/portarias\/wp-json\/wp\/v2\/types\/post"}],"author":[{"embeddable":true,"href":"https:\/\/progepe.ufpr.br\/portarias\/wp-json\/wp\/v2\/users\/48"}],"replies":[{"embeddable":true,"href":"https:\/\/progepe.ufpr.br\/portarias\/wp-json\/wp\/v2\/comments?post=15198"}],"version-history":[{"count":1,"href":"https:\/\/progepe.ufpr.br\/portarias\/wp-json\/wp\/v2\/posts\/15198\/revisions"}],"predecessor-version":[{"id":191172,"href":"https:\/\/progepe.ufpr.br\/portarias\/wp-json\/wp\/v2\/posts\/15198\/revisions\/191172"}],"wp:attachment":[{"href":"https:\/\/progepe.ufpr.br\/portarias\/wp-json\/wp\/v2\/media?parent=15198"}],"wp:term":[{"taxonomy":"category","embeddable":true,"href":"https:\/\/progepe.ufpr.br\/portarias\/wp-json\/wp\/v2\/categories?post=15198"},{"taxonomy":"post_tag","embeddable":true,"href":"https:\/\/progepe.ufpr.br\/portarias\/wp-json\/wp\/v2\/tags?post=15198"}],"curies":[{"name":"wp","href":"https:\/\/api.w.org\/{rel}","templated":true}]}}