{"id":15216,"date":"2019-11-11T05:04:00","date_gmt":"2019-11-11T08:04:00","guid":{"rendered":"http:\/\/progepe.ufpr.br\/portal\/?post_type=portarias&#038;p=15216"},"modified":"2023-08-03T13:16:45","modified_gmt":"2023-08-03T16:16:45","slug":"rt-2019-01071","status":"publish","type":"post","link":"https:\/\/progepe.ufpr.br\/portarias\/rt-2019-01071\/","title":{"rendered":"PORTARIA N\u00ba 01071\/REITORIA, DE 07 DE NOVEMBRO DE 2019"},"content":{"rendered":"\n<p><strong>A Vice-Reitora da Universidade Federal do Paran\u00e1, no exerc\u00edcio do cargo de Reitora,<\/strong>no  uso de suas atribui\u00e7\u00f5es, tendo em vista a compet\u00eancia que lhe \u00e9  conferida pela Portaria n\u00ba 1.427\/MEC, de 06 de agosto de 2019, publicada  no DOU de 07.08.2019; o que consta no Art. 9\u00ba, inciso I da Lei n\u00ba  8.112\/90; Decreto n\u00ba 7.485, de 18.05.2011, publicado no DOU de  19.05.2011, atualizado pelo Decreto n\u00ba 8.259, de 20.05.2014, publicado  no DOU de 30.05.2014; Lei n\u00ba 12.772\/2012 e suas altera\u00e7\u00f5es; e ainda o  que consta no processo n\u00ba 23075.075196\/2019-36, <\/p>\n\n\n\n<p>RESOLVE:<\/p>\n\n\n\n<p>I. Nomear em car\u00e1ter efetivo, EDICREIA \nANDRADE DOS SANTOS, habilitada em concurso p\u00fablico de provas e t\u00edtulos, \nhomologado em 03.07.2018, para o cargo de Professor na carreira de \nMagist\u00e9rio Superior, classe A, Adjunto A, n\u00edvel I, em regime de trabalho\n de Dedica\u00e7\u00e3o Exclusiva, na \u00e1rea de conhecimento: Contabilidade Geral, \npara o Departamento de Ci\u00eancias Cont\u00e1beis do Setor de Ci\u00eancias Sociais \nAplicadas, na vaga de c\u00f3digo n\u00ba 263192.<\/p>\n\n\n\n<p>II. Conceder retribui\u00e7\u00e3o por titula\u00e7\u00e3o, de  acordo com o Art. 16, Inciso II e Art. 17 da Lei n\u00ba 12.772\/2012, a  partir da data de exerc\u00edcio, tendo em vista possuir o t\u00edtulo de Doutor.<\/p>\n\n\n\n<p style=\"text-align:right\"><strong>GRACIELA INES BOLZON DE MUNIZ<\/strong><\/p>\n","protected":false},"excerpt":{"rendered":"<p>I. Nomear em car\u00e1ter efetivo, EDICREIA ANDRADE DOS SANTOS, habilitada em concurso p\u00fablico de provas e t\u00edtulos, homologado em 03.07.2018, para o cargo de Professor na carreira de Magist\u00e9rio Superior, classe A, Adjunto A, n\u00edvel I, em regime de trabalho de Dedica\u00e7\u00e3o Exclusiva, na \u00e1rea de conhecimento: Contabilidade Geral, para o Departamento de Ci\u00eancias Cont\u00e1beis do Setor de Ci\u00eancias Sociais Aplicadas, na vaga de c\u00f3digo n\u00ba 263192.  II. Conceder retribui\u00e7\u00e3o por titula\u00e7\u00e3o, de acordo com o Art. 16, Inciso II e Art. 17 da Lei n\u00ba 12.772\/2012, a partir da data de exerc\u00edcio, tendo em vista possuir<\/p>\n","protected":false},"author":48,"featured_media":0,"comment_status":"closed","ping_status":"closed","sticky":false,"template":"","format":"standard","meta":{"_acf_changed":false,"iawp_total_views":0,"footnotes":""},"categories":[117],"tags":[121],"class_list":["post-15216","post","type-post","status-publish","format-standard","hentry","category-rt","tag-nomeacao"],"acf":[],"_links":{"self":[{"href":"https:\/\/progepe.ufpr.br\/portarias\/wp-json\/wp\/v2\/posts\/15216","targetHints":{"allow":["GET"]}}],"collection":[{"href":"https:\/\/progepe.ufpr.br\/portarias\/wp-json\/wp\/v2\/posts"}],"about":[{"href":"https:\/\/progepe.ufpr.br\/portarias\/wp-json\/wp\/v2\/types\/post"}],"author":[{"embeddable":true,"href":"https:\/\/progepe.ufpr.br\/portarias\/wp-json\/wp\/v2\/users\/48"}],"replies":[{"embeddable":true,"href":"https:\/\/progepe.ufpr.br\/portarias\/wp-json\/wp\/v2\/comments?post=15216"}],"version-history":[{"count":1,"href":"https:\/\/progepe.ufpr.br\/portarias\/wp-json\/wp\/v2\/posts\/15216\/revisions"}],"predecessor-version":[{"id":191174,"href":"https:\/\/progepe.ufpr.br\/portarias\/wp-json\/wp\/v2\/posts\/15216\/revisions\/191174"}],"wp:attachment":[{"href":"https:\/\/progepe.ufpr.br\/portarias\/wp-json\/wp\/v2\/media?parent=15216"}],"wp:term":[{"taxonomy":"category","embeddable":true,"href":"https:\/\/progepe.ufpr.br\/portarias\/wp-json\/wp\/v2\/categories?post=15216"},{"taxonomy":"post_tag","embeddable":true,"href":"https:\/\/progepe.ufpr.br\/portarias\/wp-json\/wp\/v2\/tags?post=15216"}],"curies":[{"name":"wp","href":"https:\/\/api.w.org\/{rel}","templated":true}]}}