{"id":15237,"date":"2019-11-11T05:00:00","date_gmt":"2019-11-11T08:00:00","guid":{"rendered":"http:\/\/progepe.ufpr.br\/portal\/?post_type=portarias&#038;p=15237"},"modified":"2023-08-03T13:16:45","modified_gmt":"2023-08-03T16:16:45","slug":"rt-2019-01066","status":"publish","type":"post","link":"https:\/\/progepe.ufpr.br\/portarias\/rt-2019-01066\/","title":{"rendered":"PORTARIA N\u00ba 01066\/REITORIA, DE 07 DE NOVEMBRO DE 2019"},"content":{"rendered":"\n<p><strong>A Vice-Reitora da Universidade Federal do Paran\u00e1, no exerc\u00edcio do cargo de Reitora,\u00a0<\/strong>no uso de suas atribui\u00e7\u00f5es, tendo em vista o que consta no artigo 50, \u00a7 \u00danico do Regimento Geral desta Universidade e o que consta no processo n\u00ba 23075.079530\/2019-21, <\/p>\n\n\n\n<p>RESOLVE: <\/p>\n\n\n\n<p>I.&nbsp; Exonerar, a partir da data de publica\u00e7\u00e3o em DOU desta Portaria,\no servidor FABIO SIMONELLI&nbsp;&nbsp;&#8211; 343937, da fun\u00e7\u00e3o de Vice-Coordenador\nde Curso de P\u00f3s-Gradua\u00e7\u00e3o do Setor de Ci\u00eancias Exatas (Programa de\nP\u00f3s-Gradua\u00e7\u00e3o em Qu\u00edmica em Rede Nacional &#8211; Mestrado Profissional PROFQUI).<\/p>\n\n\n\n<p>II. Designar&nbsp;o servidor FABIO SIMONELLI&nbsp;&nbsp;&#8211; 343937, ocupante\ndo cargo de professor,&nbsp;no regime de trabalho de dedica\u00e7\u00e3o exclusiva, para\nexercer, de acordo com o Art. 2\u00ba, II, combinado com o Art. 4\u00ba da Resolu\u00e7\u00e3o n\u00ba\n04\/95 \u2013 COUN, a fun\u00e7\u00e3o de Coordenador de Curso de P\u00f3s-Gradua\u00e7\u00e3o do Setor de\nCi\u00eancias Exatas, FCC \u2013 Fun\u00e7\u00e3o Comissionada de Coordena\u00e7\u00e3o de Curso (Programa de\nP\u00f3s-Gradua\u00e7\u00e3o em Qu\u00edmica em Rede Nacional &#8211; Mestrado Profissional\nPROFQUI),&nbsp;a partir da data de publica\u00e7\u00e3o em DOU desta Portaria at\u00e9 14 de\nfevereiro de 2020, t\u00e9rmino do mandato.<\/p>\n\n\n\n<p>III.&nbsp;O mencionado docente cumprir\u00e1, obrigatoriamente, o regime de\ntrabalho de tempo integral, de acordo com o disposto no \u00a7 5\u00ba, artigo 1\u00ba da Lei\nn\u00ba 8.168\/91.<\/p>\n\n\n\n<p>IV. Excluir, a partir da mesma data, o adicional de insalubridade\nconcedido ao citado servidor.<\/p>\n\n\n\n<p style=\"text-align:right\"><strong>GRACIELA INES BOLZON DE MUNIZ<\/strong><\/p>\n","protected":false},"excerpt":{"rendered":"<p>A Vice-Reitora da Universidade Federal do Paran\u00e1, no exerc\u00edcio do cargo de Reitora,\u00a0no uso de suas atribui\u00e7\u00f5es, tendo em vista o que consta no artigo 50, \u00a7 \u00danico do Regimento Geral desta Universidade e o que consta no processo n\u00ba 23075.079530\/2019-21, RESOLVE: I.&nbsp; Exonerar, a partir da data de publica\u00e7\u00e3o em DOU desta Portaria, o [&hellip;]<\/p>\n","protected":false},"author":50,"featured_media":0,"comment_status":"closed","ping_status":"closed","sticky":false,"template":"","format":"standard","meta":{"_acf_changed":false,"iawp_total_views":0,"footnotes":""},"categories":[117],"tags":[120],"class_list":["post-15237","post","type-post","status-publish","format-standard","hentry","category-rt","tag-funcao"],"acf":[],"_links":{"self":[{"href":"https:\/\/progepe.ufpr.br\/portarias\/wp-json\/wp\/v2\/posts\/15237","targetHints":{"allow":["GET"]}}],"collection":[{"href":"https:\/\/progepe.ufpr.br\/portarias\/wp-json\/wp\/v2\/posts"}],"about":[{"href":"https:\/\/progepe.ufpr.br\/portarias\/wp-json\/wp\/v2\/types\/post"}],"author":[{"embeddable":true,"href":"https:\/\/progepe.ufpr.br\/portarias\/wp-json\/wp\/v2\/users\/50"}],"replies":[{"embeddable":true,"href":"https:\/\/progepe.ufpr.br\/portarias\/wp-json\/wp\/v2\/comments?post=15237"}],"version-history":[{"count":1,"href":"https:\/\/progepe.ufpr.br\/portarias\/wp-json\/wp\/v2\/posts\/15237\/revisions"}],"predecessor-version":[{"id":191177,"href":"https:\/\/progepe.ufpr.br\/portarias\/wp-json\/wp\/v2\/posts\/15237\/revisions\/191177"}],"wp:attachment":[{"href":"https:\/\/progepe.ufpr.br\/portarias\/wp-json\/wp\/v2\/media?parent=15237"}],"wp:term":[{"taxonomy":"category","embeddable":true,"href":"https:\/\/progepe.ufpr.br\/portarias\/wp-json\/wp\/v2\/categories?post=15237"},{"taxonomy":"post_tag","embeddable":true,"href":"https:\/\/progepe.ufpr.br\/portarias\/wp-json\/wp\/v2\/tags?post=15237"}],"curies":[{"name":"wp","href":"https:\/\/api.w.org\/{rel}","templated":true}]}}