{"id":15612,"date":"2019-11-12T10:43:00","date_gmt":"2019-11-12T13:43:00","guid":{"rendered":"http:\/\/progepe.ufpr.br\/portal\/?post_type=portarias&#038;p=15612"},"modified":"2023-08-03T12:51:23","modified_gmt":"2023-08-03T15:51:23","slug":"progepe-2019-04648","status":"publish","type":"post","link":"https:\/\/progepe.ufpr.br\/portarias\/progepe-2019-04648\/","title":{"rendered":"PORTARIA N\u00ba 04648\/PROGEPE, DE 12 DE NOVEMBRO DE 2019"},"content":{"rendered":"\n<p><strong>O Pr\u00f3-Reitor de Gest\u00e3o de Pessoas da Universidade Federal do Paran\u00e1,<\/strong>  no uso de suas atribui\u00e7\u00f5es, tendo em vista a compet\u00eancia que lhe \u00e9  conferida pela Portaria n\u00ba 2.590, de 26 de setembro de 1997; o que  consta no Art. 100 e 103 da Lei n\u00ba 8.112\/90 e ainda o contido no  processo n\u00ba 23075.080916\/2019-85, <\/p>\n\n\n\n<p>RESOLVE:<\/p>\n\n\n\n<p>Averbar, a partir de 07 de novembro de \n2019, em favor da servidora LERIAN APARECIDA OTO &#8211; 1213048, ocupante do \ncargo de Auxiliar de Nutri\u00e7\u00e3o e Diet\u00e9tica, lotada no Centro de \nComputa\u00e7\u00e3o Eletr\u00f4nica da pr\u00f3-Reitoria de Administra\u00e7\u00e3o, o tempo de \nservi\u00e7o abaixo listado, para fins de:<\/p>\n\n\n\n<p>Aposentadoria e disponibilidade:<\/p>\n\n\n\n<table class=\"wp-block-table\"><tbody><tr><td>\n\t\t\tEMPRESA\n\t\t\t<\/td><td>\n\t\t\tPER\u00cdODO\n\t\t\t<\/td><td>\n\t\t\tTOTAL DE DIAS\n\t\t\t<\/td><\/tr><tr><td>\n\t\t\tCONTRIBUI\u00c7\u00c3O INDIVIDUAL\n\t\t\t<\/td><td>\n\t\t\t01\/03\/1989 a 30\/04\/1989\n\t\t\t<\/td><td>\n\t\t\t61\n\t\t\t<\/td><\/tr><tr><td>\n\t\t\tCONFEITARIA LANCASTER LTDA\n\t\t\t<\/td><td>\n\t\t\t03\/09\/1990 a 23\/02\/1991\n\t\t\t<\/td><td>\n\t\t\t174\n\t\t\t<\/td><\/tr><tr><td>\n\t\t\tMUNICIPIO DE COLOMBO\n\t\t\t<\/td><td>\n\t\t\t22\/04\/1992 a 31\/05\/1993\n\t\t\t<\/td><td>\n\t\t\t405\n\t\t\t<\/td><\/tr><tr><td>\n\t\t\tPREFEITURA DE COLOMBO\n\t\t\t<\/td><td>\n\t\t\t01\/06\/1993 a 11\/11\/1996\n\t\t\t<\/td><td>\n\t\t\t1257<\/td><\/tr><\/tbody><\/table>\n\n\n\n<p style=\"text-align:right\"><strong>DOUGLAS ORTIZ HAMERMULLER<\/strong><\/p>\n","protected":false},"excerpt":{"rendered":"<p>Averbar, a partir de 07 de novembro de 2019, em favor da servidora LERIAN APARECIDA OTO &#8211; 1213048, ocupante do cargo de Auxiliar de Nutri\u00e7\u00e3o e Diet\u00e9tica, lotada no Centro de Computa\u00e7\u00e3o Eletr\u00f4nica da pr\u00f3-Reitoria de Administra\u00e7\u00e3o, o tempo de servi\u00e7o abaixo listado, para fins de:  Aposentadoria e disponibilidade:  <!-- wp:table \n\n<table class=\"wp-block-table\">\n\n<tbody>\n\n<tr>\n\n<td>  EMPRESA  <\/td>\n\n\n\n<td>  PER\u00cdODO  <\/td>\n\n\n\n<td>  TOTAL DE DIAS  <\/td>\n\n<\/tr>\n\n\n\n<tr>\n\n<td>  CONTRIBUI\u00c7\u00c3O INDIVIDUAL  <\/td>\n\n\n\n<td>  01\/03\/1989 a 30\/04\/1989  <\/td>\n\n\n\n<td>  61  <\/td>\n\n<\/tr>\n\n\n\n<tr>\n\n<td>  CONFEITARIA LANCASTER LTDA  <\/td>\n\n\n\n<td>  03\/09\/1990 a 23\/02\/1991  <\/td>\n\n\n\n<td>  174\n<\/p>\n","protected":false},"author":48,"featured_media":0,"comment_status":"closed","ping_status":"closed","sticky":false,"template":"","format":"standard","meta":{"_acf_changed":false,"iawp_total_views":0,"footnotes":""},"categories":[116],"tags":[140],"class_list":["post-15612","post","type-post","status-publish","format-standard","hentry","category-progepe","tag-averbacao-desaverbacao"],"acf":[],"_links":{"self":[{"href":"https:\/\/progepe.ufpr.br\/portarias\/wp-json\/wp\/v2\/posts\/15612","targetHints":{"allow":["GET"]}}],"collection":[{"href":"https:\/\/progepe.ufpr.br\/portarias\/wp-json\/wp\/v2\/posts"}],"about":[{"href":"https:\/\/progepe.ufpr.br\/portarias\/wp-json\/wp\/v2\/types\/post"}],"author":[{"embeddable":true,"href":"https:\/\/progepe.ufpr.br\/portarias\/wp-json\/wp\/v2\/users\/48"}],"replies":[{"embeddable":true,"href":"https:\/\/progepe.ufpr.br\/portarias\/wp-json\/wp\/v2\/comments?post=15612"}],"version-history":[{"count":1,"href":"https:\/\/progepe.ufpr.br\/portarias\/wp-json\/wp\/v2\/posts\/15612\/revisions"}],"predecessor-version":[{"id":191218,"href":"https:\/\/progepe.ufpr.br\/portarias\/wp-json\/wp\/v2\/posts\/15612\/revisions\/191218"}],"wp:attachment":[{"href":"https:\/\/progepe.ufpr.br\/portarias\/wp-json\/wp\/v2\/media?parent=15612"}],"wp:term":[{"taxonomy":"category","embeddable":true,"href":"https:\/\/progepe.ufpr.br\/portarias\/wp-json\/wp\/v2\/categories?post=15612"},{"taxonomy":"post_tag","embeddable":true,"href":"https:\/\/progepe.ufpr.br\/portarias\/wp-json\/wp\/v2\/tags?post=15612"}],"curies":[{"name":"wp","href":"https:\/\/api.w.org\/{rel}","templated":true}]}}