{"id":15642,"date":"2019-11-12T10:11:00","date_gmt":"2019-11-12T13:11:00","guid":{"rendered":"http:\/\/progepe.ufpr.br\/portal\/?post_type=portarias&#038;p=15642"},"modified":"2023-08-03T12:51:19","modified_gmt":"2023-08-03T15:51:19","slug":"progepe-2019-04616","status":"publish","type":"post","link":"https:\/\/progepe.ufpr.br\/portarias\/progepe-2019-04616\/","title":{"rendered":"PORTARIA N\u00ba 04616\/PROGEPE, DE 12 DE NOVEMBRO DE 2019"},"content":{"rendered":"\n<p><strong>O Pr\u00f3-Reitor de Gest\u00e3o de Pessoas da Universidade Federal do Paran\u00e1,\u00a0<\/strong>no uso de suas atribui\u00e7\u00f5es, tendo em vista a compet\u00eancia que lhe \u00e9 conferida pela Portaria n\u00ba 2.590, de 26 de setembro de 1997 e considerando o contido nos artigos 18, 19 e 20 da Resolu\u00e7\u00e3o n\u00ba 002\/2000 &#8211; COPLAD e ainda o contido\u00a0no processo n\u00ba 23075.080786\/2019-81, <\/p>\n\n\n\n<p>RESOLVE: <\/p>\n\n\n\n<p>Designar para compor a comiss\u00e3o respons\u00e1vel pela&nbsp;terceira etapa da\navalia\u00e7\u00e3o de desempenho em est\u00e1gio probat\u00f3rio da servidora KARINNE DE SOUSA\nMARQUES MAGALH\u00c3ES&nbsp;&#8211; 1336495, ocupante do cargo de Auxiliar em\nAdministra\u00e7\u00e3o, lotada na Central de Atendimento ao Servidor da Pr\u00f3-Reitoria de\nGest\u00e3o de Pessoas, os seguintes membros:<\/p>\n\n\n\n<ul class=\"wp-block-list\"><li>JOSIANE DO ROCIO\nMOSSON&nbsp;&#8211; 1914998<\/li><li>RENATO BASILIO\nRODRIGUES JUNIOR &#8211; 3170297<\/li><li>MARCIA SOBEZAK DOS\nREIS &#8211; 1846702<\/li><\/ul>\n\n\n\n<p style=\"text-align:right\"><strong>DOUGLAS ORTIZ HAMERMULLER<\/strong><\/p>\n","protected":false},"excerpt":{"rendered":"<p>O Pr\u00f3-Reitor de Gest\u00e3o de Pessoas da Universidade Federal do Paran\u00e1,\u00a0no uso de suas atribui\u00e7\u00f5es, tendo em vista a compet\u00eancia que lhe \u00e9 conferida pela Portaria n\u00ba 2.590, de 26 de setembro de 1997 e considerando o contido nos artigos 18, 19 e 20 da Resolu\u00e7\u00e3o n\u00ba 002\/2000 &#8211; COPLAD e ainda o contido\u00a0no processo [&hellip;]<\/p>\n","protected":false},"author":50,"featured_media":0,"comment_status":"closed","ping_status":"closed","sticky":false,"template":"","format":"standard","meta":{"_acf_changed":false,"iawp_total_views":0,"footnotes":""},"categories":[116],"tags":[124],"class_list":["post-15642","post","type-post","status-publish","format-standard","hentry","category-progepe","tag-comissao"],"acf":[],"_links":{"self":[{"href":"https:\/\/progepe.ufpr.br\/portarias\/wp-json\/wp\/v2\/posts\/15642","targetHints":{"allow":["GET"]}}],"collection":[{"href":"https:\/\/progepe.ufpr.br\/portarias\/wp-json\/wp\/v2\/posts"}],"about":[{"href":"https:\/\/progepe.ufpr.br\/portarias\/wp-json\/wp\/v2\/types\/post"}],"author":[{"embeddable":true,"href":"https:\/\/progepe.ufpr.br\/portarias\/wp-json\/wp\/v2\/users\/50"}],"replies":[{"embeddable":true,"href":"https:\/\/progepe.ufpr.br\/portarias\/wp-json\/wp\/v2\/comments?post=15642"}],"version-history":[{"count":1,"href":"https:\/\/progepe.ufpr.br\/portarias\/wp-json\/wp\/v2\/posts\/15642\/revisions"}],"predecessor-version":[{"id":191222,"href":"https:\/\/progepe.ufpr.br\/portarias\/wp-json\/wp\/v2\/posts\/15642\/revisions\/191222"}],"wp:attachment":[{"href":"https:\/\/progepe.ufpr.br\/portarias\/wp-json\/wp\/v2\/media?parent=15642"}],"wp:term":[{"taxonomy":"category","embeddable":true,"href":"https:\/\/progepe.ufpr.br\/portarias\/wp-json\/wp\/v2\/categories?post=15642"},{"taxonomy":"post_tag","embeddable":true,"href":"https:\/\/progepe.ufpr.br\/portarias\/wp-json\/wp\/v2\/tags?post=15642"}],"curies":[{"name":"wp","href":"https:\/\/api.w.org\/{rel}","templated":true}]}}