{"id":157548,"date":"2012-05-21T05:04:00","date_gmt":"2012-05-21T08:04:00","guid":{"rendered":"http:\/\/progepe.ufpr.br\/portarias\/rt-2012-02125\/"},"modified":"2023-08-03T13:06:04","modified_gmt":"2023-08-03T16:06:04","slug":"rt-2012-02125","status":"publish","type":"post","link":"https:\/\/progepe.ufpr.br\/portarias\/rt-2012-02125\/","title":{"rendered":"PORTARIA N\u00ba 02125\/REITORIA, DE 21 DE MAIO DE 2012"},"content":{"rendered":"\n<p>O Reitor da Universidade Federal do Paran\u00e1, no uso de suas atribui\u00e7\u00f5es, tendo em vista o que consta no Art. 93 da Lei n\u00ba 8.112\/90; Art. 2\u00ba Par\u00e1grafo \u00danico do Decreto n\u00ba 4.050\/2001; e, o contido no processo n\u00ba 022441\/2012-36,<\/p>\n\n\n<p><strong>RESOLVE:<\/strong><\/p>\n\n\n<p>I. Autorizar, a partir da data de publica\u00e7\u00e3o em DOU, a cess\u00e3o do servidor FERNANDO CESAR BORBA DE OLIVEIRA &#8211; 200419, ocupante do cargo de Jornalista, lotado na Assessoria de Comunica\u00e7\u00e3o Social do Gabinete do Reitor, para a Empresa Brasil de Comunica\u00e7\u00e3o S. A., a fim de exercer a fun\u00e7\u00e3o comissionada de FCC-03, com lota\u00e7\u00e3o na cidade de Curitiba\/PR, com \u00f4nus para a Universidade Federal do Paran\u00e1.<\/p><p> II. Manter o referido servidor em folha de pagamento da Institui\u00e7\u00e3o, por tratar-se de cess\u00e3o para \u00f3rg\u00e3o dos Poderes da Uni\u00e3o.<\/p><p> III. Fica sob a responsabilidade da Empresa Brasil de Comunica\u00e7\u00e3o S. A. Curitiba\/PR, o encaminhamento da freq\u00fc\u00eancia citado servidor, at\u00e9 o 5\uf0b0 (quinto) dia \u00fatil de cada m\u00eas junto a esta Institui\u00e7\u00e3o.<\/p><p><\/p>\n\n\n<div style=\"height:15px\" aria-hidden=\"true\" class=\"wp-block-spacer\"><\/div>\n\n\n<div class=\"wp-block-buttons is-content-justification-right is-layout-flex wp-container-core-buttons-is-layout-1 wp-block-buttons-is-layout-flex\">\n<div class=\"wp-block-button has-custom-font-size is-style-outline has-small-font-size is-style-outline--1\"><a class=\"wp-block-button__link\" href=\"https:\/\/progepe.ufpr.br\/portarias\/wp-content\/uploads\/pcp\/RT\/2012\/2125R.pdf\" style=\"border-radius:0px\" target=\"_blank\" rel=\"noreferrer noopener\">Acesse o arquivo da portaria<\/a><\/div><\/div>\n","protected":false},"excerpt":{"rendered":"<p>I. Autorizar, a partir da data de publica\u00e7\u00e3o em DOU, a cess\u00e3o do servidor FERNANDO CESAR BORBA DE OLIVEIRA &#8211; 200419, ocupante do cargo de Jornalista, lotado na Assessoria de Comunica\u00e7\u00e3o Social do Gabinete do Reitor, para a Empresa Brasil de Comunica\u00e7\u00e3o S. A., a fim de exercer a fun\u00e7\u00e3o comissionada de FCC-03, com lota\u00e7\u00e3o na cidade de Curitiba\/PR, com \u00f4nus para a Universidade Federal do Paran\u00e1. II. Manter o referido servidor em folha de pagamento da Institui\u00e7\u00e3o, por tratar-se de cess\u00e3o para \u00f3rg\u00e3o dos Poderes da Uni\u00e3o. III. Fica sob a responsabilidade da Empresa Brasil de Comunica\u00e7\u00e3o<\/p>\n","protected":false},"author":41,"featured_media":0,"comment_status":"closed","ping_status":"closed","sticky":false,"template":"wp-custom-template-emissao-entre-01-05-2004-ate-30-06-2017","format":"standard","meta":{"_acf_changed":false,"iawp_total_views":0,"footnotes":""},"categories":[117],"tags":[127],"class_list":["post-157548","post","type-post","status-publish","format-standard","hentry","category-rt","tag-cessao"],"acf":[],"_links":{"self":[{"href":"https:\/\/progepe.ufpr.br\/portarias\/wp-json\/wp\/v2\/posts\/157548","targetHints":{"allow":["GET"]}}],"collection":[{"href":"https:\/\/progepe.ufpr.br\/portarias\/wp-json\/wp\/v2\/posts"}],"about":[{"href":"https:\/\/progepe.ufpr.br\/portarias\/wp-json\/wp\/v2\/types\/post"}],"author":[{"embeddable":true,"href":"https:\/\/progepe.ufpr.br\/portarias\/wp-json\/wp\/v2\/users\/41"}],"replies":[{"embeddable":true,"href":"https:\/\/progepe.ufpr.br\/portarias\/wp-json\/wp\/v2\/comments?post=157548"}],"version-history":[{"count":1,"href":"https:\/\/progepe.ufpr.br\/portarias\/wp-json\/wp\/v2\/posts\/157548\/revisions"}],"predecessor-version":[{"id":196918,"href":"https:\/\/progepe.ufpr.br\/portarias\/wp-json\/wp\/v2\/posts\/157548\/revisions\/196918"}],"wp:attachment":[{"href":"https:\/\/progepe.ufpr.br\/portarias\/wp-json\/wp\/v2\/media?parent=157548"}],"wp:term":[{"taxonomy":"category","embeddable":true,"href":"https:\/\/progepe.ufpr.br\/portarias\/wp-json\/wp\/v2\/categories?post=157548"},{"taxonomy":"post_tag","embeddable":true,"href":"https:\/\/progepe.ufpr.br\/portarias\/wp-json\/wp\/v2\/tags?post=157548"}],"curies":[{"name":"wp","href":"https:\/\/api.w.org\/{rel}","templated":true}]}}