{"id":157549,"date":"2012-07-12T05:00:00","date_gmt":"2012-07-12T08:00:00","guid":{"rendered":"http:\/\/progepe.ufpr.br\/portarias\/rt-2012-02206\/"},"modified":"2023-07-31T17:07:56","modified_gmt":"2023-07-31T20:07:56","slug":"rt-2012-02206","status":"publish","type":"post","link":"https:\/\/progepe.ufpr.br\/portarias\/rt-2012-02206\/","title":{"rendered":"PORTARIA N\u00ba 02206\/REITORIA, DE 12 DE JULHO DE 2012"},"content":{"rendered":"\n<p>O Reitor da Universidade Federal do Paran\u00e1, no uso de suas atribui\u00e7\u00f5es e tendo em vista o que consta no processo n\u00ba 065285\/2011-17,<\/p>\n\n\n<p><strong>RESOLVE:<\/strong><\/p>\n\n\n<p>I. Revogar a Portaria n\u00ba 1.428\/REITOR, de 21 de fevereiro de 2011, publicada no DOU de 09.03.2011, Se\u00e7\u00e3o 2, p\u00e1g. 25.<\/p><p> II. Retificar a Portaria n\u00ba 1.387\/REITOR, de 25 de janeiro de 2011, publicada no DOU de 01.02.2011, Se\u00e7\u00e3o 2, p\u00e1g. 24, referente \u00e0 cess\u00e3o para o Minist\u00e9rio da Sa\u00fade do servidor ADRIANO MASSUDA &#8211; 200453, ocupante do cargo de Professor, classe Assistente, lotado no Departamento de Sa\u00fade Comunit\u00e1ria do Setor de Ci\u00eancias da Sa\u00fade: Onde se L\u00ea: &#8230; a partir de 03 de janeiro de 2011 at\u00e9 02 de fevereiro de 2012, com \u00f4nus para a Universidade Federal do Paran\u00e1.<\/p><p> Leia-se: &#8230; a partir de 01 de fevereiro de 2011, com \u00f4nus limitado para a Universidade Federal do Paran\u00e1.<\/p><p><\/p>\n\n\n<div style=\"height:15px\" aria-hidden=\"true\" class=\"wp-block-spacer\"><\/div>\n\n\n<div class=\"wp-block-buttons is-content-justification-right is-layout-flex wp-container-core-buttons-is-layout-1 wp-block-buttons-is-layout-flex\">\n<div class=\"wp-block-button has-custom-font-size is-style-outline has-small-font-size is-style-outline--1\"><a class=\"wp-block-button__link\" href=\"https:\/\/progepe.ufpr.br\/portarias\/wp-content\/uploads\/pcp\/RT\/2012\/2206R.pdf\" style=\"border-radius:0px\" target=\"_blank\" rel=\"noreferrer noopener\">Acesse o arquivo da portaria<\/a><\/div><\/div>\n","protected":false},"excerpt":{"rendered":"<p>I. Revogar a Portaria n\u00ba 1.428\/REITOR, de 21 de fevereiro de 2011, publicada no DOU de 09.03.2011, Se\u00e7\u00e3o 2, p\u00e1g. 25. II. Retificar a Portaria n\u00ba 1.387\/REITOR, de 25 de janeiro de 2011, publicada no DOU de 01.02.2011, Se\u00e7\u00e3o 2, p\u00e1g. 24, referente \u00e0 cess\u00e3o para o Minist\u00e9rio da Sa\u00fade do servidor ADRIANO MASSUDA &#8211; 200453, ocupante do cargo de Professor, classe Assistente, lotado no Departamento de Sa\u00fade Comunit\u00e1ria do Setor de Ci\u00eancias da Sa\u00fade: Onde se L\u00ea: &#8230; a partir de 03 de janeiro de 2011 at\u00e9 02 de fevereiro de 2012, com \u00f4nus para a Universidade<\/p>\n","protected":false},"author":41,"featured_media":0,"comment_status":"closed","ping_status":"closed","sticky":false,"template":"wp-custom-template-emissao-entre-01-05-2004-ate-30-06-2017","format":"standard","meta":{"_acf_changed":false,"iawp_total_views":0,"footnotes":""},"categories":[117],"tags":[127],"class_list":["post-157549","post","type-post","status-publish","format-standard","hentry","category-rt","tag-cessao"],"acf":[],"_links":{"self":[{"href":"https:\/\/progepe.ufpr.br\/portarias\/wp-json\/wp\/v2\/posts\/157549","targetHints":{"allow":["GET"]}}],"collection":[{"href":"https:\/\/progepe.ufpr.br\/portarias\/wp-json\/wp\/v2\/posts"}],"about":[{"href":"https:\/\/progepe.ufpr.br\/portarias\/wp-json\/wp\/v2\/types\/post"}],"author":[{"embeddable":true,"href":"https:\/\/progepe.ufpr.br\/portarias\/wp-json\/wp\/v2\/users\/41"}],"replies":[{"embeddable":true,"href":"https:\/\/progepe.ufpr.br\/portarias\/wp-json\/wp\/v2\/comments?post=157549"}],"version-history":[{"count":1,"href":"https:\/\/progepe.ufpr.br\/portarias\/wp-json\/wp\/v2\/posts\/157549\/revisions"}],"predecessor-version":[{"id":196919,"href":"https:\/\/progepe.ufpr.br\/portarias\/wp-json\/wp\/v2\/posts\/157549\/revisions\/196919"}],"wp:attachment":[{"href":"https:\/\/progepe.ufpr.br\/portarias\/wp-json\/wp\/v2\/media?parent=157549"}],"wp:term":[{"taxonomy":"category","embeddable":true,"href":"https:\/\/progepe.ufpr.br\/portarias\/wp-json\/wp\/v2\/categories?post=157549"},{"taxonomy":"post_tag","embeddable":true,"href":"https:\/\/progepe.ufpr.br\/portarias\/wp-json\/wp\/v2\/tags?post=157549"}],"curies":[{"name":"wp","href":"https:\/\/api.w.org\/{rel}","templated":true}]}}