{"id":15762,"date":"2019-11-08T20:03:00","date_gmt":"2019-11-08T23:03:00","guid":{"rendered":"http:\/\/progepe.ufpr.br\/portal\/?post_type=portarias&#038;p=15762"},"modified":"2023-08-03T11:03:07","modified_gmt":"2023-08-03T14:03:07","slug":"dd-2019-00563","status":"publish","type":"post","link":"https:\/\/progepe.ufpr.br\/portarias\/dd-2019-00563\/","title":{"rendered":"PORTARIA N\u00ba 00563\/DD, DE 08 DE NOVEMBRO DE 2019"},"content":{"rendered":"\n<p><strong>O Diretor Disciplinar da\nUniversidade Federal do Paran\u00e1, <\/strong>no uso de suas atribui\u00e7\u00f5es, tendo em\nvista a compet\u00eancia que lhe \u00e9 conferida pela Portaria n\u00ba 593\/REITORIA, de 28 de\nagosto de 2017, o disposto nos artigos 143, 148, 149 e 152 da Lei n\u00ba 8.112, de\n11 de dezembro de 1990, e o que consta no Processo 23075.013223\/2018-04,<\/p>\n\n\n\n<p>RESOLVE:<\/p>\n\n\n\n<p>Designar\nos servidores CRISTIANE REGINA STOLL DA SILVEIRA \u2014 2885442, Administradora,\nlotada na Imprensa Universit\u00e1ria da Pr\u00f3-Reitoria de Administra\u00e7\u00e3o; MICHAEL\nANDREW SCHAFFER CHAGAS \u2014 1831073, Assistente em Administra\u00e7\u00e3o, lotado na\nCoordena\u00e7\u00e3o do Curso de Tecnologia em An\u00e1lise e Desenvolvimento de Sistemas do\nSetor de Educa\u00e7\u00e3o Profissional e Tecnol\u00f3gica e FRANCIANE DE SOUZA RETSLAFF \u2014\n2126428, Assistente em Administra\u00e7\u00e3o, lotada na Coordena\u00e7\u00e3o Geral de Est\u00e1gios\nda Pr\u00f3-Reitoria de Gradua\u00e7\u00e3o e Educa\u00e7\u00e3o Profissional, para, sob a presid\u00eancia da\nprimeira, constitu\u00edrem Comiss\u00e3o de Processo Administrativo Disciplinar\ndestinada a ultimar, no prazo de 60 (sessenta) dias, os trabalhos de apura\u00e7\u00e3o\ndos fatos de que trata o Processo 23075.013223\/2018-04, com aproveitamento de\ntodos os atos praticados e provas colhidas at\u00e9 o presente momento, bem como\nproceder ao exame dos atos e fatos conexos que emergirem no decorrer dos\ntrabalhos.<\/p>\n\n\n\n<p style=\"text-align:center\">MANOEL\nROBERTO SILVA DE SOUZA<\/p>\n\n\n\n<p style=\"text-align:center\">Diretor\nDisciplinar<\/p>\n","protected":false},"excerpt":{"rendered":"<p>Designar os servidores CRISTIANE REGINA STOLL DA SILVEIRA \u2014 2885442, Administradora, lotada na Imprensa Universit\u00e1ria da Pr\u00f3-Reitoria de Administra\u00e7\u00e3o; MICHAEL ANDREW SCHAFFER CHAGAS \u2014 1831073, Assistente em Administra\u00e7\u00e3o, lotado na Coordena\u00e7\u00e3o do Curso de Tecnologia em An\u00e1lise e Desenvolvimento de Sistemas do Setor de Educa\u00e7\u00e3o Profissional e Tecnol\u00f3gica e FRANCIANE DE SOUZA RETSLAFF \u2014 2126428, Assistente em Administra\u00e7\u00e3o, lotada na Coordena\u00e7\u00e3o Geral de Est\u00e1gios da Pr\u00f3-Reitoria de Gradua\u00e7\u00e3o e Educa\u00e7\u00e3o Profissional, para, sob a presid\u00eancia da primeira, constitu\u00edrem Comiss\u00e3o de Processo Administrativo Disciplinar destinada a ultimar, no prazo de 60 (sessenta) dias, os trabalhos de apura\u00e7\u00e3o dos fatos<\/p>\n","protected":false},"author":15,"featured_media":0,"comment_status":"closed","ping_status":"closed","sticky":false,"template":"","format":"standard","meta":{"_acf_changed":false,"iawp_total_views":3,"footnotes":""},"categories":[118],"tags":[132],"class_list":["post-15762","post","type-post","status-publish","format-standard","hentry","category-dd","tag-pad-sindicancia"],"acf":[],"_links":{"self":[{"href":"https:\/\/progepe.ufpr.br\/portarias\/wp-json\/wp\/v2\/posts\/15762","targetHints":{"allow":["GET"]}}],"collection":[{"href":"https:\/\/progepe.ufpr.br\/portarias\/wp-json\/wp\/v2\/posts"}],"about":[{"href":"https:\/\/progepe.ufpr.br\/portarias\/wp-json\/wp\/v2\/types\/post"}],"author":[{"embeddable":true,"href":"https:\/\/progepe.ufpr.br\/portarias\/wp-json\/wp\/v2\/users\/15"}],"replies":[{"embeddable":true,"href":"https:\/\/progepe.ufpr.br\/portarias\/wp-json\/wp\/v2\/comments?post=15762"}],"version-history":[{"count":2,"href":"https:\/\/progepe.ufpr.br\/portarias\/wp-json\/wp\/v2\/posts\/15762\/revisions"}],"predecessor-version":[{"id":191235,"href":"https:\/\/progepe.ufpr.br\/portarias\/wp-json\/wp\/v2\/posts\/15762\/revisions\/191235"}],"wp:attachment":[{"href":"https:\/\/progepe.ufpr.br\/portarias\/wp-json\/wp\/v2\/media?parent=15762"}],"wp:term":[{"taxonomy":"category","embeddable":true,"href":"https:\/\/progepe.ufpr.br\/portarias\/wp-json\/wp\/v2\/categories?post=15762"},{"taxonomy":"post_tag","embeddable":true,"href":"https:\/\/progepe.ufpr.br\/portarias\/wp-json\/wp\/v2\/tags?post=15762"}],"curies":[{"name":"wp","href":"https:\/\/api.w.org\/{rel}","templated":true}]}}