{"id":157719,"date":"2012-09-04T05:01:00","date_gmt":"2012-09-04T08:01:00","guid":{"rendered":"http:\/\/progepe.ufpr.br\/portarias\/rt-2012-02256\/"},"modified":"2023-08-03T13:06:15","modified_gmt":"2023-08-03T16:06:15","slug":"rt-2012-02256","status":"publish","type":"post","link":"https:\/\/progepe.ufpr.br\/portarias\/rt-2012-02256\/","title":{"rendered":"PORTARIA N\u00ba 02256\/REITORIA, DE 04 DE SETEMBRO DE 2012"},"content":{"rendered":"\n<p>O Reitor da Universidade Federal do Paran\u00e1, no uso de suas atribui\u00e7\u00f5es e tendo em vista o que consta no processo n\u00ba 033355\/2012-59,<\/p>\n\n\n<p><strong>RESOLVE:<\/strong><\/p>\n\n\n<p>I. Designar para compor o Comit\u00ea Executivo dos 100 Anos da UFPR, os seguintes membros: Presidente: ROGERIO ANDRADE MULINARI &#8211; 109843 Membros: CARLOS ROBERTO ANTUNES DOS SANTOS &#8211; 038873 JAYME ANTONIO CARDOSO &#8211; 005061 LUCIA MARIA BUENO MION &#8211; 090662 ULF GREGOR BARANOW &#8211; 125520 ANA PAULA MORAES &#8211; 202695 ELENICE MARA MATOS NOVAK &#8211; 066311 CARLOS ALBERTO FARACO &#8211; 055700 NADIA GAIOFATTO GON\u00c7ALVES &#8211; 171883 MARIA EMILIA DAUDT VON DER HEYDE &#8211; 102717 II. O citado comit\u00ea atua nos trabalhos desde setembro de 2011.<\/p><p> III. Esta Portaria cessa os efeitos da Portaria n\u00ba 750\/REITOR, de 08 de janeiro de 2010.<\/p><p><\/p>\n\n\n<div style=\"height:15px\" aria-hidden=\"true\" class=\"wp-block-spacer\"><\/div>\n\n\n<div class=\"wp-block-buttons is-content-justification-right is-layout-flex wp-container-core-buttons-is-layout-1 wp-block-buttons-is-layout-flex\">\n<div class=\"wp-block-button has-custom-font-size is-style-outline has-small-font-size is-style-outline--1\"><a class=\"wp-block-button__link\" href=\"https:\/\/progepe.ufpr.br\/portarias\/wp-content\/uploads\/pcp\/RT\/2012\/2256R.pdf\" style=\"border-radius:0px\" target=\"_blank\" rel=\"noreferrer noopener\">Acesse o arquivo da portaria<\/a><\/div><\/div>\n","protected":false},"excerpt":{"rendered":"<p>I. Designar para compor o Comit\u00ea Executivo dos 100 Anos da UFPR, os seguintes membros: Presidente: ROGERIO ANDRADE MULINARI &#8211; 109843 Membros: CARLOS ROBERTO ANTUNES DOS SANTOS &#8211; 038873 JAYME ANTONIO CARDOSO &#8211; 005061 LUCIA MARIA BUENO MION &#8211; 090662 ULF GREGOR BARANOW &#8211; 125520 ANA PAULA MORAES &#8211; 202695 ELENICE MARA MATOS NOVAK &#8211; 066311 CARLOS ALBERTO FARACO &#8211; 055700 NADIA GAIOFATTO GON\u00c7ALVES &#8211; 171883 MARIA EMILIA DAUDT VON DER HEYDE &#8211; 102717 II. O citado comit\u00ea atua nos trabalhos desde setembro de 2011. III. Esta Portaria cessa os efeitos da Portaria n\u00ba 750\/REITOR, de 08 de<\/p>\n","protected":false},"author":41,"featured_media":0,"comment_status":"closed","ping_status":"closed","sticky":false,"template":"wp-custom-template-emissao-entre-01-05-2004-ate-30-06-2017","format":"standard","meta":{"_acf_changed":false,"iawp_total_views":0,"footnotes":""},"categories":[117],"tags":[124],"class_list":["post-157719","post","type-post","status-publish","format-standard","hentry","category-rt","tag-comissao"],"acf":[],"_links":{"self":[{"href":"https:\/\/progepe.ufpr.br\/portarias\/wp-json\/wp\/v2\/posts\/157719","targetHints":{"allow":["GET"]}}],"collection":[{"href":"https:\/\/progepe.ufpr.br\/portarias\/wp-json\/wp\/v2\/posts"}],"about":[{"href":"https:\/\/progepe.ufpr.br\/portarias\/wp-json\/wp\/v2\/types\/post"}],"author":[{"embeddable":true,"href":"https:\/\/progepe.ufpr.br\/portarias\/wp-json\/wp\/v2\/users\/41"}],"replies":[{"embeddable":true,"href":"https:\/\/progepe.ufpr.br\/portarias\/wp-json\/wp\/v2\/comments?post=157719"}],"version-history":[{"count":1,"href":"https:\/\/progepe.ufpr.br\/portarias\/wp-json\/wp\/v2\/posts\/157719\/revisions"}],"predecessor-version":[{"id":197089,"href":"https:\/\/progepe.ufpr.br\/portarias\/wp-json\/wp\/v2\/posts\/157719\/revisions\/197089"}],"wp:attachment":[{"href":"https:\/\/progepe.ufpr.br\/portarias\/wp-json\/wp\/v2\/media?parent=157719"}],"wp:term":[{"taxonomy":"category","embeddable":true,"href":"https:\/\/progepe.ufpr.br\/portarias\/wp-json\/wp\/v2\/categories?post=157719"},{"taxonomy":"post_tag","embeddable":true,"href":"https:\/\/progepe.ufpr.br\/portarias\/wp-json\/wp\/v2\/tags?post=157719"}],"curies":[{"name":"wp","href":"https:\/\/api.w.org\/{rel}","templated":true}]}}