{"id":15777,"date":"2019-11-12T20:00:00","date_gmt":"2019-11-12T23:00:00","guid":{"rendered":"http:\/\/progepe.ufpr.br\/portal\/?post_type=portarias&#038;p=15777"},"modified":"2023-08-03T11:03:07","modified_gmt":"2023-08-03T14:03:07","slug":"dd-2019-00565","status":"publish","type":"post","link":"https:\/\/progepe.ufpr.br\/portarias\/dd-2019-00565\/","title":{"rendered":"PORTARIA N\u00ba 00565\/DD, DE 12 DE NOVEMBRO DE 2019"},"content":{"rendered":"\n<p><strong>O Diretor Disciplinar da\nUniversidade Federal do Paran\u00e1, <\/strong>no uso de suas atribui\u00e7\u00f5es, tendo em\nvista a compet\u00eancia que lhe \u00e9 conferida pela Portaria n\u00ba 593\/REITORIA, de 28 de\nagosto de 2017, o disposto no artigo 143 da Lei n\u00ba 8.112, de 11 de dezembro de\n1990, nos artigos 19, 20 e 21 da Instru\u00e7\u00e3o Normativa CGU n\u00ba 14, de 14 de\nnovembro de 2018, e o que consta no Processo 23075.047608\/2013-52, &nbsp;<\/p>\n\n\n\n<p>RESOLVE:<\/p>\n\n\n\n<p>Prorrogar\npor 60 (sessenta) dias o prazo para conclus\u00e3o dos trabalhos da Comiss\u00e3o de\nSindic\u00e2ncia Investigativa de que trata a Portaria n\u00ba 513\/DD, de 13 de setembro de\n2019.<\/p>\n\n\n\n<p style=\"text-align:center\">MANOEL\nROBERTO SILVA DE SOUZA<\/p>\n\n\n\n<p style=\"text-align:center\">Diretor\nDisciplinar<\/p>\n","protected":false},"excerpt":{"rendered":"<p>Prorrogar por 60 (sessenta) dias o prazo para conclus\u00e3o dos trabalhos da Comiss\u00e3o de Sindic\u00e2ncia Investigativa de que trata a Portaria n\u00ba 513\/DD, de 13 de setembro de 2019.  <!-- wp:paragraph {\"align\":\"center\"} \n\n<p style=\"text-align:center\">MANOEL ROBERTO SILVA DE SOUZA  <!-- wp:paragraph {\"align\":\"center\"} \n\n<p style=\"text-align:center\">Diretor Disciplinar\n<\/p>\n","protected":false},"author":15,"featured_media":0,"comment_status":"closed","ping_status":"closed","sticky":false,"template":"","format":"standard","meta":{"_acf_changed":false,"iawp_total_views":0,"footnotes":""},"categories":[118],"tags":[132],"class_list":["post-15777","post","type-post","status-publish","format-standard","hentry","category-dd","tag-pad-sindicancia"],"acf":[],"_links":{"self":[{"href":"https:\/\/progepe.ufpr.br\/portarias\/wp-json\/wp\/v2\/posts\/15777","targetHints":{"allow":["GET"]}}],"collection":[{"href":"https:\/\/progepe.ufpr.br\/portarias\/wp-json\/wp\/v2\/posts"}],"about":[{"href":"https:\/\/progepe.ufpr.br\/portarias\/wp-json\/wp\/v2\/types\/post"}],"author":[{"embeddable":true,"href":"https:\/\/progepe.ufpr.br\/portarias\/wp-json\/wp\/v2\/users\/15"}],"replies":[{"embeddable":true,"href":"https:\/\/progepe.ufpr.br\/portarias\/wp-json\/wp\/v2\/comments?post=15777"}],"version-history":[{"count":2,"href":"https:\/\/progepe.ufpr.br\/portarias\/wp-json\/wp\/v2\/posts\/15777\/revisions"}],"predecessor-version":[{"id":191236,"href":"https:\/\/progepe.ufpr.br\/portarias\/wp-json\/wp\/v2\/posts\/15777\/revisions\/191236"}],"wp:attachment":[{"href":"https:\/\/progepe.ufpr.br\/portarias\/wp-json\/wp\/v2\/media?parent=15777"}],"wp:term":[{"taxonomy":"category","embeddable":true,"href":"https:\/\/progepe.ufpr.br\/portarias\/wp-json\/wp\/v2\/categories?post=15777"},{"taxonomy":"post_tag","embeddable":true,"href":"https:\/\/progepe.ufpr.br\/portarias\/wp-json\/wp\/v2\/tags?post=15777"}],"curies":[{"name":"wp","href":"https:\/\/api.w.org\/{rel}","templated":true}]}}