{"id":158028,"date":"2012-01-04T05:01:00","date_gmt":"2012-01-04T07:01:00","guid":{"rendered":"http:\/\/progepe.ufpr.br\/portarias\/rt-2012-01930\/"},"modified":"2023-08-03T13:05:47","modified_gmt":"2023-08-03T16:05:47","slug":"rt-2012-01930","status":"publish","type":"post","link":"https:\/\/progepe.ufpr.br\/portarias\/rt-2012-01930\/","title":{"rendered":"PORTARIA N\u00ba 01930\/REITORIA, DE 04 DE JANEIRO DE 2012"},"content":{"rendered":"\n<p>O Reitor da Universidade Federal do Paran\u00e1, no uso das atribui\u00e7\u00f5es e tendo em vista o que consta no processo n\u00ba 110520\/2011-12,<\/p>\n\n\n<p><strong>RESOLVE:<\/strong><\/p>\n\n\n<p>Delegar compet\u00eancia, a partir de 27 de novembro de 2011 at\u00e9 26 de novembro de 2012, ao servidor EDSON LUIZ HANKE &#8211; 107751, ocupante do cargo de Eletricista, lotado na Central de Transportes da Pr\u00f3-Reitoria de Administra\u00e7\u00e3o, Carteira de Habilita\u00e7\u00e3o n\u00ba 02\/62807052, RG n\u00ba 1.975.708.0-PR, CPF n\u00ba \u275a\u275a\u275a.\u275a\u275a\u275a.\u275a\u275a\u275a-\u275a\u275a, residente na Rua Fernando de Noronha, n\u00ba 280, Bloco II, Apartamento n\u00ba 601, para representar esta Universidade em territ\u00f3rio nacional junto ao Departamento de Tr\u00e2nsito e demais \u00f3rg\u00e3os que s\u00e3o utilizados pela CENTRAN para realizar a regulariza\u00e7\u00e3o de documentos e ve\u00edculos da UFPR.<\/p><p><\/p>\n\n\n<div style=\"height:15px\" aria-hidden=\"true\" class=\"wp-block-spacer\"><\/div>\n\n\n<div class=\"wp-block-buttons is-content-justification-right is-layout-flex wp-container-core-buttons-is-layout-1 wp-block-buttons-is-layout-flex\">\n<div class=\"wp-block-button has-custom-font-size is-style-outline has-small-font-size is-style-outline--1\"><a class=\"wp-block-button__link\" href=\"https:\/\/progepe.ufpr.br\/portarias\/wp-content\/uploads\/pcp\/RT\/2012\/1930R.pdf\" style=\"border-radius:0px\" target=\"_blank\" rel=\"noreferrer noopener\">Acesse o arquivo da portaria<\/a><\/div><\/div>\n","protected":false},"excerpt":{"rendered":"<p>Delegar compet\u00eancia, a partir de 27 de novembro de 2011 at\u00e9 26 de novembro de 2012, ao servidor EDSON LUIZ HANKE &#8211; 107751, ocupante do cargo de Eletricista, lotado na Central de Transportes da Pr\u00f3-Reitoria de Administra\u00e7\u00e3o, Carteira de Habilita\u00e7\u00e3o n\u00ba 02\/62807052, RG n\u00ba 1.975.708.0-PR, CPF n\u00ba \u275a\u275a\u275a.\u275a\u275a\u275a.\u275a\u275a\u275a-\u275a\u275a, residente na Rua Fernando de Noronha, n\u00ba 280, Bloco II, Apartamento n\u00ba 601, para representar esta Universidade em territ\u00f3rio nacional junto ao Departamento de Tr\u00e2nsito e demais \u00f3rg\u00e3os que s\u00e3o utilizados pela CENTRAN para realizar a regulariza\u00e7\u00e3o de documentos e ve\u00edculos da UFPR.  {&#8220;height&#8221;:&#8221;15px&#8221;} <\/p>\n<div style=\"height:15px\" aria-hidden=\"true\" class=\"wp-block-spacer\"> <!--\n<\/p>\n","protected":false},"author":41,"featured_media":0,"comment_status":"closed","ping_status":"closed","sticky":false,"template":"wp-custom-template-emissao-entre-01-05-2004-ate-30-06-2017","format":"standard","meta":{"_acf_changed":false,"iawp_total_views":0,"footnotes":""},"categories":[117],"tags":[119],"class_list":["post-158028","post","type-post","status-publish","format-standard","hentry","category-rt","tag-diversos"],"acf":[],"_links":{"self":[{"href":"https:\/\/progepe.ufpr.br\/portarias\/wp-json\/wp\/v2\/posts\/158028","targetHints":{"allow":["GET"]}}],"collection":[{"href":"https:\/\/progepe.ufpr.br\/portarias\/wp-json\/wp\/v2\/posts"}],"about":[{"href":"https:\/\/progepe.ufpr.br\/portarias\/wp-json\/wp\/v2\/types\/post"}],"author":[{"embeddable":true,"href":"https:\/\/progepe.ufpr.br\/portarias\/wp-json\/wp\/v2\/users\/41"}],"replies":[{"embeddable":true,"href":"https:\/\/progepe.ufpr.br\/portarias\/wp-json\/wp\/v2\/comments?post=158028"}],"version-history":[{"count":1,"href":"https:\/\/progepe.ufpr.br\/portarias\/wp-json\/wp\/v2\/posts\/158028\/revisions"}],"predecessor-version":[{"id":197398,"href":"https:\/\/progepe.ufpr.br\/portarias\/wp-json\/wp\/v2\/posts\/158028\/revisions\/197398"}],"wp:attachment":[{"href":"https:\/\/progepe.ufpr.br\/portarias\/wp-json\/wp\/v2\/media?parent=158028"}],"wp:term":[{"taxonomy":"category","embeddable":true,"href":"https:\/\/progepe.ufpr.br\/portarias\/wp-json\/wp\/v2\/categories?post=158028"},{"taxonomy":"post_tag","embeddable":true,"href":"https:\/\/progepe.ufpr.br\/portarias\/wp-json\/wp\/v2\/tags?post=158028"}],"curies":[{"name":"wp","href":"https:\/\/api.w.org\/{rel}","templated":true}]}}