{"id":158030,"date":"2012-01-27T05:00:00","date_gmt":"2012-01-27T07:00:00","guid":{"rendered":"http:\/\/progepe.ufpr.br\/portarias\/rt-2012-01975\/"},"modified":"2023-07-31T17:08:40","modified_gmt":"2023-07-31T20:08:40","slug":"rt-2012-01975","status":"publish","type":"post","link":"https:\/\/progepe.ufpr.br\/portarias\/rt-2012-01975\/","title":{"rendered":"PORTARIA N\u00ba 01975\/REITORIA, DE 27 DE JANEIRO DE 2012"},"content":{"rendered":"\n<p>O Reitor da Universidade Federal do Paran\u00e1, no uso de suas atribui\u00e7\u00f5es e tendo em vista o que consta no processo n\u00ba 001480\/2012-08,<\/p>\n\n\n<p><strong>RESOLVE:<\/strong><\/p>\n\n\n<p>Designar para compor a Banca de Valida\u00e7\u00e3o e Orienta\u00e7\u00e3o da autodeclara\u00e7\u00e3o dos candidatos que optaram pelas vagas de inclus\u00e3o racial no SISU 2012, os seguintes membros: Presidente: MARCOS SILVA DA SILVEIRA &#8211; 180793 Membros: ANDRE LUIZ DE CASTRO MARIANO HILTON COSTA JAIME TADEU DA SILVA JOSE ANTONIO MAR\u00c7AL KELVY KADGE OLIVEIRA NOGUEIRA &#8211; 200686 LIGIA MARIA ROSSETTO &#8211; 201624 MARCILENE GARCIA DE SOUZA NIVALDO DOS SANTOS ARRUDA PAULO VINICIUS BAPTISTA DA SILVA &#8211; 135429 SILVIA MARIA AMORIM LIMA &#8211; 201632 TANIA MARIA PACIFICO TANIA APARECIDA LOPES VERIDIANE CINTIA DE SOUZA DE OLIVEIRA<\/p><p><\/p>\n\n\n<div style=\"height:15px\" aria-hidden=\"true\" class=\"wp-block-spacer\"><\/div>\n\n\n<div class=\"wp-block-buttons is-content-justification-right is-layout-flex wp-container-core-buttons-is-layout-1 wp-block-buttons-is-layout-flex\">\n<div class=\"wp-block-button has-custom-font-size is-style-outline has-small-font-size is-style-outline--1\"><a class=\"wp-block-button__link\" href=\"https:\/\/progepe.ufpr.br\/portarias\/wp-content\/uploads\/pcp\/RT\/2012\/1975R.pdf\" style=\"border-radius:0px\" target=\"_blank\" rel=\"noreferrer noopener\">Acesse o arquivo da portaria<\/a><\/div><\/div>\n","protected":false},"excerpt":{"rendered":"<p>Designar para compor a Banca de Valida\u00e7\u00e3o e Orienta\u00e7\u00e3o da autodeclara\u00e7\u00e3o dos candidatos que optaram pelas vagas de inclus\u00e3o racial no SISU 2012, os seguintes membros: Presidente: MARCOS SILVA DA SILVEIRA &#8211; 180793 Membros: ANDRE LUIZ DE CASTRO MARIANO HILTON COSTA JAIME TADEU DA SILVA JOSE ANTONIO MAR\u00c7AL KELVY KADGE OLIVEIRA NOGUEIRA &#8211; 200686 LIGIA MARIA ROSSETTO &#8211; 201624 MARCILENE GARCIA DE SOUZA NIVALDO DOS SANTOS ARRUDA PAULO VINICIUS BAPTISTA DA SILVA &#8211; 135429 SILVIA MARIA AMORIM LIMA &#8211; 201632 TANIA MARIA PACIFICO TANIA APARECIDA LOPES VERIDIANE CINTIA DE SOUZA DE OLIVEIRA  {&#8220;height&#8221;:&#8221;15px&#8221;} <\/p>\n<div style=\"height:15px\" aria-hidden=\"true\" class=\"wp-block-spacer\">\n","protected":false},"author":41,"featured_media":0,"comment_status":"closed","ping_status":"closed","sticky":false,"template":"wp-custom-template-emissao-entre-01-05-2004-ate-30-06-2017","format":"standard","meta":{"_acf_changed":false,"iawp_total_views":0,"footnotes":""},"categories":[117],"tags":[119],"class_list":["post-158030","post","type-post","status-publish","format-standard","hentry","category-rt","tag-diversos"],"acf":[],"_links":{"self":[{"href":"https:\/\/progepe.ufpr.br\/portarias\/wp-json\/wp\/v2\/posts\/158030","targetHints":{"allow":["GET"]}}],"collection":[{"href":"https:\/\/progepe.ufpr.br\/portarias\/wp-json\/wp\/v2\/posts"}],"about":[{"href":"https:\/\/progepe.ufpr.br\/portarias\/wp-json\/wp\/v2\/types\/post"}],"author":[{"embeddable":true,"href":"https:\/\/progepe.ufpr.br\/portarias\/wp-json\/wp\/v2\/users\/41"}],"replies":[{"embeddable":true,"href":"https:\/\/progepe.ufpr.br\/portarias\/wp-json\/wp\/v2\/comments?post=158030"}],"version-history":[{"count":1,"href":"https:\/\/progepe.ufpr.br\/portarias\/wp-json\/wp\/v2\/posts\/158030\/revisions"}],"predecessor-version":[{"id":197400,"href":"https:\/\/progepe.ufpr.br\/portarias\/wp-json\/wp\/v2\/posts\/158030\/revisions\/197400"}],"wp:attachment":[{"href":"https:\/\/progepe.ufpr.br\/portarias\/wp-json\/wp\/v2\/media?parent=158030"}],"wp:term":[{"taxonomy":"category","embeddable":true,"href":"https:\/\/progepe.ufpr.br\/portarias\/wp-json\/wp\/v2\/categories?post=158030"},{"taxonomy":"post_tag","embeddable":true,"href":"https:\/\/progepe.ufpr.br\/portarias\/wp-json\/wp\/v2\/tags?post=158030"}],"curies":[{"name":"wp","href":"https:\/\/api.w.org\/{rel}","templated":true}]}}