{"id":158031,"date":"2012-02-29T05:02:00","date_gmt":"2012-02-29T08:02:00","guid":{"rendered":"http:\/\/progepe.ufpr.br\/portarias\/rt-2012-02003\/"},"modified":"2023-08-03T13:05:53","modified_gmt":"2023-08-03T16:05:53","slug":"rt-2012-02003","status":"publish","type":"post","link":"https:\/\/progepe.ufpr.br\/portarias\/rt-2012-02003\/","title":{"rendered":"PORTARIA N\u00ba 02003\/REITORIA, DE 29 DE FEVEREIRO DE 2012"},"content":{"rendered":"\n<p>O Reitor da Universidade Federal do Paran\u00e1, no uso de suas atribui\u00e7\u00f5es e tendo em vista o que consta no processo n\u00ba 005853\/2012-10,<\/p>\n\n\n<p><strong>RESOLVE:<\/strong><\/p>\n\n\n<p>Convalidar, a partir de 12 de janeiro de 2009, o exerc\u00edcio no cargo de Coordenador e Coordenador Adjunto do Sistema Universidade Aberta do Brasil &#8211; UAB no \u00e2mbito da Universidade Federal do Paran\u00e1 para as servidoras MARINELI JOAQUIM MEIER \u2013 123935, ocupante do cargo de Professor, classe Adjunto, lotada no Departamento de Enfermagem do Setor de Ci\u00eancias da Sa\u00fade e GLAUCIA DA SILVA BRITO &#8211; 171689, ocupante do cargo de Professor, classe Adjunto, lotada no Departamento de Comunica\u00e7\u00e3o Social do Setor de Ci\u00eancias Humanas, Letras e Artes, respectivamente.<\/p><p><\/p>\n\n\n<div style=\"height:15px\" aria-hidden=\"true\" class=\"wp-block-spacer\"><\/div>\n\n\n<div class=\"wp-block-buttons is-content-justification-right is-layout-flex wp-container-core-buttons-is-layout-1 wp-block-buttons-is-layout-flex\">\n<div class=\"wp-block-button has-custom-font-size is-style-outline has-small-font-size is-style-outline--1\"><a class=\"wp-block-button__link\" href=\"https:\/\/progepe.ufpr.br\/portarias\/wp-content\/uploads\/pcp\/RT\/2012\/2003R.pdf\" style=\"border-radius:0px\" target=\"_blank\" rel=\"noreferrer noopener\">Acesse o arquivo da portaria<\/a><\/div><\/div>\n","protected":false},"excerpt":{"rendered":"<p>Convalidar, a partir de 12 de janeiro de 2009, o exerc\u00edcio no cargo de Coordenador e Coordenador Adjunto do Sistema Universidade Aberta do Brasil &#8211; UAB no \u00e2mbito da Universidade Federal do Paran\u00e1 para as servidoras MARINELI JOAQUIM MEIER \u2013 123935, ocupante do cargo de Professor, classe Adjunto, lotada no Departamento de Enfermagem do Setor de Ci\u00eancias da Sa\u00fade e GLAUCIA DA SILVA BRITO &#8211; 171689, ocupante do cargo de Professor, classe Adjunto, lotada no Departamento de Comunica\u00e7\u00e3o Social do Setor de Ci\u00eancias Humanas, Letras e Artes, respectivamente.  {&#8220;height&#8221;:&#8221;15px&#8221;} <\/p>\n<div style=\"height:15px\" aria-hidden=\"true\" class=\"wp-block-spacer\"> <!-- \/wp:spacer  {\"layout\":{\"type\":\"flex\",\"justifyContent\":\"right\"}}\n<\/p>\n","protected":false},"author":41,"featured_media":0,"comment_status":"closed","ping_status":"closed","sticky":false,"template":"wp-custom-template-emissao-entre-01-05-2004-ate-30-06-2017","format":"standard","meta":{"_acf_changed":false,"iawp_total_views":1,"footnotes":""},"categories":[117],"tags":[119],"class_list":["post-158031","post","type-post","status-publish","format-standard","hentry","category-rt","tag-diversos"],"acf":[],"_links":{"self":[{"href":"https:\/\/progepe.ufpr.br\/portarias\/wp-json\/wp\/v2\/posts\/158031","targetHints":{"allow":["GET"]}}],"collection":[{"href":"https:\/\/progepe.ufpr.br\/portarias\/wp-json\/wp\/v2\/posts"}],"about":[{"href":"https:\/\/progepe.ufpr.br\/portarias\/wp-json\/wp\/v2\/types\/post"}],"author":[{"embeddable":true,"href":"https:\/\/progepe.ufpr.br\/portarias\/wp-json\/wp\/v2\/users\/41"}],"replies":[{"embeddable":true,"href":"https:\/\/progepe.ufpr.br\/portarias\/wp-json\/wp\/v2\/comments?post=158031"}],"version-history":[{"count":1,"href":"https:\/\/progepe.ufpr.br\/portarias\/wp-json\/wp\/v2\/posts\/158031\/revisions"}],"predecessor-version":[{"id":197401,"href":"https:\/\/progepe.ufpr.br\/portarias\/wp-json\/wp\/v2\/posts\/158031\/revisions\/197401"}],"wp:attachment":[{"href":"https:\/\/progepe.ufpr.br\/portarias\/wp-json\/wp\/v2\/media?parent=158031"}],"wp:term":[{"taxonomy":"category","embeddable":true,"href":"https:\/\/progepe.ufpr.br\/portarias\/wp-json\/wp\/v2\/categories?post=158031"},{"taxonomy":"post_tag","embeddable":true,"href":"https:\/\/progepe.ufpr.br\/portarias\/wp-json\/wp\/v2\/tags?post=158031"}],"curies":[{"name":"wp","href":"https:\/\/api.w.org\/{rel}","templated":true}]}}