{"id":158047,"date":"2012-08-10T05:01:00","date_gmt":"2012-08-10T08:01:00","guid":{"rendered":"http:\/\/progepe.ufpr.br\/portarias\/rt-2012-02229\/"},"modified":"2023-08-03T13:06:13","modified_gmt":"2023-08-03T16:06:13","slug":"rt-2012-02229","status":"publish","type":"post","link":"https:\/\/progepe.ufpr.br\/portarias\/rt-2012-02229\/","title":{"rendered":"PORTARIA N\u00ba 02229\/REITORIA, DE 10 DE AGOSTO DE 2012"},"content":{"rendered":"\n<p>O Reitor da Universidade Federal do Paran\u00e1, no uso de suas atribui\u00e7\u00f5es e tendo em vista o que consta no processo n\u00ba 025646\/2012-73,<\/p>\n\n\n<p><strong>RESOLVE:<\/strong><\/p>\n\n\n<p>I. Designar a servidora YVELISE FREITAS DE SOUZA ARCO VERDE &#8211; 069388, ocupante do cargo de Professor, classe Associado, lotada no Departamento de Planejamento e Administra\u00e7\u00e3o Escolar do Setor de Educa\u00e7\u00e3o, como Coordenador do Programa Mais Educa\u00e7\u00e3o no \u00e2mbito da Universidade Federal do Paran\u00e1.<\/p><p> II. Na aus\u00eancia da servidora YVELISE FREITAS DE SOUZA ARCO VERDE, responde pela Coordena\u00e7\u00e3o do citado Programa a servidora MARIA TEREZA CARNEIRO SOARES &#8211; 127175, ocupante do cargo de Professor, classe Adjunto, lotada no Departamento de Planejamento e Administra\u00e7\u00e3o Escolar do Setor de Educa\u00e7\u00e3o.<\/p><p> III. Esta Portaria entra em vigor a partir desta data.<\/p><p><\/p>\n\n\n<div style=\"height:15px\" aria-hidden=\"true\" class=\"wp-block-spacer\"><\/div>\n\n\n<div class=\"wp-block-buttons is-content-justification-right is-layout-flex wp-container-core-buttons-is-layout-1 wp-block-buttons-is-layout-flex\">\n<div class=\"wp-block-button has-custom-font-size is-style-outline has-small-font-size is-style-outline--1\"><a class=\"wp-block-button__link\" href=\"https:\/\/progepe.ufpr.br\/portarias\/wp-content\/uploads\/pcp\/RT\/2012\/2229R.pdf\" style=\"border-radius:0px\" target=\"_blank\" rel=\"noreferrer noopener\">Acesse o arquivo da portaria<\/a><\/div><\/div>\n","protected":false},"excerpt":{"rendered":"<p>I. Designar a servidora YVELISE FREITAS DE SOUZA ARCO VERDE &#8211; 069388, ocupante do cargo de Professor, classe Associado, lotada no Departamento de Planejamento e Administra\u00e7\u00e3o Escolar do Setor de Educa\u00e7\u00e3o, como Coordenador do Programa Mais Educa\u00e7\u00e3o no \u00e2mbito da Universidade Federal do Paran\u00e1. II. Na aus\u00eancia da servidora YVELISE FREITAS DE SOUZA ARCO VERDE, responde pela Coordena\u00e7\u00e3o do citado Programa a servidora MARIA TEREZA CARNEIRO SOARES &#8211; 127175, ocupante do cargo de Professor, classe Adjunto, lotada no Departamento de Planejamento e Administra\u00e7\u00e3o Escolar do Setor de Educa\u00e7\u00e3o. III. Esta Portaria entra em vigor a partir desta data.<\/p>\n","protected":false},"author":41,"featured_media":0,"comment_status":"closed","ping_status":"closed","sticky":false,"template":"wp-custom-template-emissao-entre-01-05-2004-ate-30-06-2017","format":"standard","meta":{"_acf_changed":false,"iawp_total_views":0,"footnotes":""},"categories":[117],"tags":[119],"class_list":["post-158047","post","type-post","status-publish","format-standard","hentry","category-rt","tag-diversos"],"acf":[],"_links":{"self":[{"href":"https:\/\/progepe.ufpr.br\/portarias\/wp-json\/wp\/v2\/posts\/158047","targetHints":{"allow":["GET"]}}],"collection":[{"href":"https:\/\/progepe.ufpr.br\/portarias\/wp-json\/wp\/v2\/posts"}],"about":[{"href":"https:\/\/progepe.ufpr.br\/portarias\/wp-json\/wp\/v2\/types\/post"}],"author":[{"embeddable":true,"href":"https:\/\/progepe.ufpr.br\/portarias\/wp-json\/wp\/v2\/users\/41"}],"replies":[{"embeddable":true,"href":"https:\/\/progepe.ufpr.br\/portarias\/wp-json\/wp\/v2\/comments?post=158047"}],"version-history":[{"count":1,"href":"https:\/\/progepe.ufpr.br\/portarias\/wp-json\/wp\/v2\/posts\/158047\/revisions"}],"predecessor-version":[{"id":197417,"href":"https:\/\/progepe.ufpr.br\/portarias\/wp-json\/wp\/v2\/posts\/158047\/revisions\/197417"}],"wp:attachment":[{"href":"https:\/\/progepe.ufpr.br\/portarias\/wp-json\/wp\/v2\/media?parent=158047"}],"wp:term":[{"taxonomy":"category","embeddable":true,"href":"https:\/\/progepe.ufpr.br\/portarias\/wp-json\/wp\/v2\/categories?post=158047"},{"taxonomy":"post_tag","embeddable":true,"href":"https:\/\/progepe.ufpr.br\/portarias\/wp-json\/wp\/v2\/tags?post=158047"}],"curies":[{"name":"wp","href":"https:\/\/api.w.org\/{rel}","templated":true}]}}