{"id":158177,"date":"2012-10-11T05:01:00","date_gmt":"2012-10-11T08:01:00","guid":{"rendered":"http:\/\/progepe.ufpr.br\/portarias\/rt-2012-02327\/"},"modified":"2023-08-03T13:06:22","modified_gmt":"2023-08-03T16:06:22","slug":"rt-2012-02327","status":"publish","type":"post","link":"https:\/\/progepe.ufpr.br\/portarias\/rt-2012-02327\/","title":{"rendered":"PORTARIA N\u00ba 02327\/REITORIA, DE 11 DE OUTUBRO DE 2012"},"content":{"rendered":"\n<p>O Vice-Reitor da Universidade Federal do Paran\u00e1, no exerc\u00edcio do cargo de Reitor, no uso de suas atribui\u00e7\u00f5es e tendo em vista o contido no processo n\u00ba 038961\/2012-61,<\/p>\n\n\n<p><strong>RESOLVE:<\/strong><\/p>\n\n\n<p>Designar, tendo em vista o que consta na Resolu\u00e7\u00e3o n\u00ba 37\/2004- COUN, como representantes da Universidade Federal do Paran\u00e1 na Comiss\u00e3o Universidade para os \u00cdndios &#8211; CUIA local, os seguintes membros: ANA ELISA DE CASTRO FREITAS &#8211; 200894 ANDREA CARVALHO MENDES DE OLIVEIRA CASTRO &#8211; 127809 ALYSSON LUIS DONAISKI &#8211; 200727 DEBORA KAULE &#8211; 189243 EDUARDO HARDER &#8211; 188441 JULIANE BORGES PEREIRA &#8211; 200680 KELVY KADGE OLIVEIRA NOGUEIRA &#8211; 200686 LAURA CERETTA MOREIRA &#8211; 144100 LAURA PEREZ GIL &#8211; 201188 LIGIA MARIA ROSSETTO &#8211; 201624 RODRIGO ANTONIO MACHADO &#8211; 181617 ROSANGELA GEHRKE SEGER &#8211; 133574 VALERIA DOS SANTOS DE OLIVEIRA &#8211; 202266 WANIRLEY PEDROSO GUELFI &#8211; 124613<\/p><p><\/p>\n\n\n<div style=\"height:15px\" aria-hidden=\"true\" class=\"wp-block-spacer\"><\/div>\n\n\n<div class=\"wp-block-buttons is-content-justification-right is-layout-flex wp-container-core-buttons-is-layout-1 wp-block-buttons-is-layout-flex\">\n<div class=\"wp-block-button has-custom-font-size is-style-outline has-small-font-size is-style-outline--1\"><a class=\"wp-block-button__link\" href=\"https:\/\/progepe.ufpr.br\/portarias\/wp-content\/uploads\/pcp\/RT\/2012\/2327R.pdf\" style=\"border-radius:0px\" target=\"_blank\" rel=\"noreferrer noopener\">Acesse o arquivo da portaria<\/a><\/div><\/div>\n","protected":false},"excerpt":{"rendered":"<p>Designar, tendo em vista o que consta na Resolu\u00e7\u00e3o n\u00ba 37\/2004- COUN, como representantes da Universidade Federal do Paran\u00e1 na Comiss\u00e3o Universidade para os \u00cdndios &#8211; CUIA local, os seguintes membros: ANA ELISA DE CASTRO FREITAS &#8211; 200894 ANDREA CARVALHO MENDES DE OLIVEIRA CASTRO &#8211; 127809 ALYSSON LUIS DONAISKI &#8211; 200727 DEBORA KAULE &#8211; 189243 EDUARDO HARDER &#8211; 188441 JULIANE BORGES PEREIRA &#8211; 200680 KELVY KADGE OLIVEIRA NOGUEIRA &#8211; 200686 LAURA CERETTA MOREIRA &#8211; 144100 LAURA PEREZ GIL &#8211; 201188 LIGIA MARIA ROSSETTO &#8211; 201624 RODRIGO ANTONIO MACHADO &#8211; 181617 ROSANGELA GEHRKE SEGER &#8211; 133574 VALERIA DOS SANTOS<\/p>\n","protected":false},"author":41,"featured_media":0,"comment_status":"closed","ping_status":"closed","sticky":false,"template":"wp-custom-template-emissao-entre-01-05-2004-ate-30-06-2017","format":"standard","meta":{"_acf_changed":false,"iawp_total_views":2,"footnotes":""},"categories":[117],"tags":[126],"class_list":["post-158177","post","type-post","status-publish","format-standard","hentry","category-rt","tag-representante"],"acf":[],"_links":{"self":[{"href":"https:\/\/progepe.ufpr.br\/portarias\/wp-json\/wp\/v2\/posts\/158177","targetHints":{"allow":["GET"]}}],"collection":[{"href":"https:\/\/progepe.ufpr.br\/portarias\/wp-json\/wp\/v2\/posts"}],"about":[{"href":"https:\/\/progepe.ufpr.br\/portarias\/wp-json\/wp\/v2\/types\/post"}],"author":[{"embeddable":true,"href":"https:\/\/progepe.ufpr.br\/portarias\/wp-json\/wp\/v2\/users\/41"}],"replies":[{"embeddable":true,"href":"https:\/\/progepe.ufpr.br\/portarias\/wp-json\/wp\/v2\/comments?post=158177"}],"version-history":[{"count":1,"href":"https:\/\/progepe.ufpr.br\/portarias\/wp-json\/wp\/v2\/posts\/158177\/revisions"}],"predecessor-version":[{"id":197547,"href":"https:\/\/progepe.ufpr.br\/portarias\/wp-json\/wp\/v2\/posts\/158177\/revisions\/197547"}],"wp:attachment":[{"href":"https:\/\/progepe.ufpr.br\/portarias\/wp-json\/wp\/v2\/media?parent=158177"}],"wp:term":[{"taxonomy":"category","embeddable":true,"href":"https:\/\/progepe.ufpr.br\/portarias\/wp-json\/wp\/v2\/categories?post=158177"},{"taxonomy":"post_tag","embeddable":true,"href":"https:\/\/progepe.ufpr.br\/portarias\/wp-json\/wp\/v2\/tags?post=158177"}],"curies":[{"name":"wp","href":"https:\/\/api.w.org\/{rel}","templated":true}]}}