{"id":158867,"date":"2012-10-10T10:26:00","date_gmt":"2012-10-10T13:26:00","guid":{"rendered":"http:\/\/progepe.ufpr.br\/portarias\/progepe-2012-16815\/"},"modified":"2023-08-03T11:40:55","modified_gmt":"2023-08-03T14:40:55","slug":"progepe-2012-16815","status":"publish","type":"post","link":"https:\/\/progepe.ufpr.br\/portarias\/progepe-2012-16815\/","title":{"rendered":"PORTARIA N\u00ba 16815\/PROGEPE, DE 10 DE OUTUBRO DE 2012"},"content":{"rendered":"\n<p>A Pr\u00f3-Reitora de Gest\u00e3o de Pessoas da Universidade Federal do Paran\u00e1, no uso de suas atribui\u00e7\u00f5es, tendo em vista a compet\u00eancia que lhe \u00e9 conferida pela Portaria n\u00ba 2.590, de 26 de setembro de 1997 e considerando o que consta no processo n\u00ba 018349\/2012-71,<\/p>\n\n\n<p><strong>RESOLVE:<\/strong><\/p>\n\n\n<p>I. Tornar sem efeito a Portaria 16.758\/PROGEPE, de 08 de outubro de 2012.<\/p><p> II. Retificar a Portaria n\u00ba 16.684\/PROGEPE, de 04 de outubro de 2012, referente \u00e0 concess\u00e3o e a prorroga\u00e7\u00e3o da licen\u00e7a adotante da servidora CRISTINA ALVES DE OLIVEIRA &#8211; 092886, ocupante do cargo de Assistente em Administra\u00e7\u00e3o, lotada no Departamento de Engenharia El\u00e9trica do Setor de Tecnologia: Onde se L\u00ea: &#8230; nos per\u00edodos de 22 de agosto de 2012 a 19 de novembro de 2012 e 20 de novembro de 2012 a 10 de dezembro de 2012, respectivamente.<\/p><p> Leia-se: &#8230; nos per\u00edodos de 22 de agosto de 2012 a 19 de novembro de 2012 e 20 de novembro de 2012 a 03 de janeiro de 2013, respectivamente.<\/p><p><\/p>\n\n\n<div style=\"height:15px\" aria-hidden=\"true\" class=\"wp-block-spacer\"><\/div>\n\n\n<div class=\"wp-block-buttons is-content-justification-right is-layout-flex wp-container-core-buttons-is-layout-1 wp-block-buttons-is-layout-flex\">\n<div class=\"wp-block-button has-custom-font-size is-style-outline has-small-font-size is-style-outline--1\"><a class=\"wp-block-button__link\" href=\"https:\/\/progepe.ufpr.br\/portarias\/wp-content\/uploads\/pcp\/PROGEPE\/2012\/16815PR.pdf\" style=\"border-radius:0px\" target=\"_blank\" rel=\"noreferrer noopener\">Acesse o arquivo da portaria<\/a><\/div><\/div>\n","protected":false},"excerpt":{"rendered":"<p>I. Tornar sem efeito a Portaria 16.758\/PROGEPE, de 08 de outubro de 2012. II. Retificar a Portaria n\u00ba 16.684\/PROGEPE, de 04 de outubro de 2012, referente \u00e0 concess\u00e3o e a prorroga\u00e7\u00e3o da licen\u00e7a adotante da servidora CRISTINA ALVES DE OLIVEIRA &#8211; 092886, ocupante do cargo de Assistente em Administra\u00e7\u00e3o, lotada no Departamento de Engenharia El\u00e9trica do Setor de Tecnologia: Onde se L\u00ea: &#8230; nos per\u00edodos de 22 de agosto de 2012 a 19 de novembro de 2012 e 20 de novembro de 2012 a 10 de dezembro de 2012, respectivamente. Leia-se: &#8230; nos per\u00edodos de 22 de agosto<\/p>\n","protected":false},"author":41,"featured_media":0,"comment_status":"closed","ping_status":"closed","sticky":false,"template":"wp-custom-template-emissao-entre-01-05-2004-ate-30-06-2017","format":"standard","meta":{"_acf_changed":false,"iawp_total_views":0,"footnotes":""},"categories":[116],"tags":[123],"class_list":["post-158867","post","type-post","status-publish","format-standard","hentry","category-progepe","tag-afastamento-licenca"],"acf":[],"_links":{"self":[{"href":"https:\/\/progepe.ufpr.br\/portarias\/wp-json\/wp\/v2\/posts\/158867","targetHints":{"allow":["GET"]}}],"collection":[{"href":"https:\/\/progepe.ufpr.br\/portarias\/wp-json\/wp\/v2\/posts"}],"about":[{"href":"https:\/\/progepe.ufpr.br\/portarias\/wp-json\/wp\/v2\/types\/post"}],"author":[{"embeddable":true,"href":"https:\/\/progepe.ufpr.br\/portarias\/wp-json\/wp\/v2\/users\/41"}],"replies":[{"embeddable":true,"href":"https:\/\/progepe.ufpr.br\/portarias\/wp-json\/wp\/v2\/comments?post=158867"}],"version-history":[{"count":1,"href":"https:\/\/progepe.ufpr.br\/portarias\/wp-json\/wp\/v2\/posts\/158867\/revisions"}],"predecessor-version":[{"id":198235,"href":"https:\/\/progepe.ufpr.br\/portarias\/wp-json\/wp\/v2\/posts\/158867\/revisions\/198235"}],"wp:attachment":[{"href":"https:\/\/progepe.ufpr.br\/portarias\/wp-json\/wp\/v2\/media?parent=158867"}],"wp:term":[{"taxonomy":"category","embeddable":true,"href":"https:\/\/progepe.ufpr.br\/portarias\/wp-json\/wp\/v2\/categories?post=158867"},{"taxonomy":"post_tag","embeddable":true,"href":"https:\/\/progepe.ufpr.br\/portarias\/wp-json\/wp\/v2\/tags?post=158867"}],"curies":[{"name":"wp","href":"https:\/\/api.w.org\/{rel}","templated":true}]}}