{"id":159000,"date":"2012-05-21T10:02:00","date_gmt":"2012-05-21T13:02:00","guid":{"rendered":"http:\/\/progepe.ufpr.br\/portarias\/progepe-2012-14508\/"},"modified":"2023-08-03T11:37:15","modified_gmt":"2023-08-03T14:37:15","slug":"progepe-2012-14508","status":"publish","type":"post","link":"https:\/\/progepe.ufpr.br\/portarias\/progepe-2012-14508\/","title":{"rendered":"PORTARIA N\u00ba 14508\/PROGEPE, DE 21 DE MAIO DE 2012"},"content":{"rendered":"\n<p>A Pr\u00f3-Reitora de Gest\u00e3o de Pessoas da Universidade Federal do Paran\u00e1, no uso de suas atribui\u00e7\u00f5es, tendo em vista a compet\u00eancia que lhe \u00e9 conferida pela Portaria n\u00ba 2.590, de 26 de setembro de 1997 e considerando o que consta no processo n\u00ba 001467\/2012-41,<\/p>\n\n\n<p><strong>RESOLVE:<\/strong><\/p>\n\n\n<p>Aposentar nos termos do Art. 40 \u00a7 1\u00ba, inciso I, \u00a7 18 da Constitui\u00e7\u00e3o Federal c\/c Art. 6\u00aa A da Emenda Constitucional n\u00ba 41 de 31 de dezembro de 2003, inclu\u00eddo pela Emenda Constitucional n\u00ba 70 de 30 de mar\u00e7o de 2012, o servidor FERNANDO CEZAR DA SILVA \u2013 84948, lotado no Hospital Veterin\u00e1rio do Setor de Ci\u00eancias Agr\u00e1rias, ocupante do cargo de Assistente em Administra\u00e7\u00e3o, n\u00edvel de classifica\u00e7\u00e3o D, n\u00edvel de capacita\u00e7\u00e3o I, padr\u00e3o de vencimento 14, no regime de 40 (quarenta) horas semanais, com o vencimento do mencionado cargo, \u00e0 raz\u00e3o de 35\/35 (trinta e cinco trinta e cinco avos), mais a gratifica\u00e7\u00e3o adicional de tempo de servi\u00e7o, prevista no Art. 67 da Lei n\u00ba 8.112\/90, no \u00edndice de 16 (dezesseis) por cento, calculada sobre o vencimento b\u00e1sico.<\/p><p><\/p>\n\n\n<div style=\"height:15px\" aria-hidden=\"true\" class=\"wp-block-spacer\"><\/div>\n\n\n<div class=\"wp-block-buttons is-content-justification-right is-layout-flex wp-container-core-buttons-is-layout-1 wp-block-buttons-is-layout-flex\">\n<div class=\"wp-block-button has-custom-font-size is-style-outline has-small-font-size is-style-outline--1\"><a class=\"wp-block-button__link\" href=\"https:\/\/progepe.ufpr.br\/portarias\/wp-content\/uploads\/pcp\/PROGEPE\/2012\/14508PR.pdf\" style=\"border-radius:0px\" target=\"_blank\" rel=\"noreferrer noopener\">Acesse o arquivo da portaria<\/a><\/div><\/div>\n","protected":false},"excerpt":{"rendered":"<p>Aposentar nos termos do Art. 40 \u00a7 1\u00ba, inciso I, \u00a7 18 da Constitui\u00e7\u00e3o Federal c\/c Art. 6\u00aa A da Emenda Constitucional n\u00ba 41 de 31 de dezembro de 2003, inclu\u00eddo pela Emenda Constitucional n\u00ba 70 de 30 de mar\u00e7o de 2012, o servidor FERNANDO CEZAR DA SILVA \u2013 84948, lotado no Hospital Veterin\u00e1rio do Setor de Ci\u00eancias Agr\u00e1rias, ocupante do cargo de Assistente em Administra\u00e7\u00e3o, n\u00edvel de classifica\u00e7\u00e3o D, n\u00edvel de capacita\u00e7\u00e3o I, padr\u00e3o de vencimento 14, no regime de 40 (quarenta) horas semanais, com o vencimento do mencionado cargo, \u00e0 raz\u00e3o de 35\/35 (trinta e cinco<\/p>\n","protected":false},"author":41,"featured_media":0,"comment_status":"closed","ping_status":"closed","sticky":false,"template":"wp-custom-template-emissao-entre-01-05-2004-ate-30-06-2017","format":"standard","meta":{"_acf_changed":false,"iawp_total_views":0,"footnotes":""},"categories":[116],"tags":[125],"class_list":["post-159000","post","type-post","status-publish","format-standard","hentry","category-progepe","tag-aposentadoria"],"acf":[],"_links":{"self":[{"href":"https:\/\/progepe.ufpr.br\/portarias\/wp-json\/wp\/v2\/posts\/159000","targetHints":{"allow":["GET"]}}],"collection":[{"href":"https:\/\/progepe.ufpr.br\/portarias\/wp-json\/wp\/v2\/posts"}],"about":[{"href":"https:\/\/progepe.ufpr.br\/portarias\/wp-json\/wp\/v2\/types\/post"}],"author":[{"embeddable":true,"href":"https:\/\/progepe.ufpr.br\/portarias\/wp-json\/wp\/v2\/users\/41"}],"replies":[{"embeddable":true,"href":"https:\/\/progepe.ufpr.br\/portarias\/wp-json\/wp\/v2\/comments?post=159000"}],"version-history":[{"count":1,"href":"https:\/\/progepe.ufpr.br\/portarias\/wp-json\/wp\/v2\/posts\/159000\/revisions"}],"predecessor-version":[{"id":198367,"href":"https:\/\/progepe.ufpr.br\/portarias\/wp-json\/wp\/v2\/posts\/159000\/revisions\/198367"}],"wp:attachment":[{"href":"https:\/\/progepe.ufpr.br\/portarias\/wp-json\/wp\/v2\/media?parent=159000"}],"wp:term":[{"taxonomy":"category","embeddable":true,"href":"https:\/\/progepe.ufpr.br\/portarias\/wp-json\/wp\/v2\/categories?post=159000"},{"taxonomy":"post_tag","embeddable":true,"href":"https:\/\/progepe.ufpr.br\/portarias\/wp-json\/wp\/v2\/tags?post=159000"}],"curies":[{"name":"wp","href":"https:\/\/api.w.org\/{rel}","templated":true}]}}