{"id":159007,"date":"2012-05-25T10:17:00","date_gmt":"2012-05-25T13:17:00","guid":{"rendered":"http:\/\/progepe.ufpr.br\/portarias\/progepe-2012-14651\/"},"modified":"2023-08-03T11:37:29","modified_gmt":"2023-08-03T14:37:29","slug":"progepe-2012-14651","status":"publish","type":"post","link":"https:\/\/progepe.ufpr.br\/portarias\/progepe-2012-14651\/","title":{"rendered":"PORTARIA N\u00ba 14651\/PROGEPE, DE 25 DE MAIO DE 2012"},"content":{"rendered":"\n<p>A Pr\u00f3-Reitora de Gest\u00e3o de Pessoas da Universidade Federal do Paran\u00e1, no uso de suas atribui\u00e7\u00f5es, tendo em vista a compet\u00eancia que lhe \u00e9 conferida pela Portaria n\u00ba 2.590, de 26 de setembro de 1997 e considerando o que consta no processo n\u00ba 013224\/2012-55,<\/p>\n\n\n<p><strong>RESOLVE:<\/strong><\/p>\n\n\n<p>Aposentar nos termos do Art. 40 \u00a7 1\u00ba Inciso I, \u00a7 18 da Constitui\u00e7\u00e3o Federal c\/c Art. 6\u00ba A da Emenda Constitucional n\u00ba 41\/2003, inclu\u00eddo pela Emenda Constitucional n\u00ba 70\/2012, a servidora MERCIA ALEXANDRA BARANKOSKI &#8211; 136476, lotada no Hospital de Cl\u00ednicas, ocupante do cargo de Auxiliar de Farm\u00e1cia, n\u00edvel de Classifica\u00e7\u00e3o B, n\u00edvel de Capacita\u00e7\u00e3o 4, padr\u00e3o de Vencimento 09, no regime de 40 (quarenta) horas semanais, com o vencimento do mencionado cargo \u00e0 raz\u00e3o de 23\/30 (vinte e tr\u00eas trinta avos), mais a gratifica\u00e7\u00e3o adicional por tempo de servi\u00e7o, prevista no Art. 67 da Lei n\u00ba 8.112\/90, no \u00edndice de 03 (tr\u00eas por cento), calculada sobre o vencimento b\u00e1sico, mais o incentivo \u00e0 qualifica\u00e7\u00e3o, Decreto n\u00ba 5.824\/2006.<\/p><p><\/p>\n\n\n<div style=\"height:15px\" aria-hidden=\"true\" class=\"wp-block-spacer\"><\/div>\n\n\n<div class=\"wp-block-buttons is-content-justification-right is-layout-flex wp-container-core-buttons-is-layout-1 wp-block-buttons-is-layout-flex\">\n<div class=\"wp-block-button has-custom-font-size is-style-outline has-small-font-size is-style-outline--1\"><a class=\"wp-block-button__link\" href=\"https:\/\/progepe.ufpr.br\/portarias\/wp-content\/uploads\/pcp\/PROGEPE\/2012\/14651PR.pdf\" style=\"border-radius:0px\" target=\"_blank\" rel=\"noreferrer noopener\">Acesse o arquivo da portaria<\/a><\/div><\/div>\n","protected":false},"excerpt":{"rendered":"<p>Aposentar nos termos do Art. 40 \u00a7 1\u00ba Inciso I, \u00a7 18 da Constitui\u00e7\u00e3o Federal c\/c Art. 6\u00ba A da Emenda Constitucional n\u00ba 41\/2003, inclu\u00eddo pela Emenda Constitucional n\u00ba 70\/2012, a servidora MERCIA ALEXANDRA BARANKOSKI &#8211; 136476, lotada no Hospital de Cl\u00ednicas, ocupante do cargo de Auxiliar de Farm\u00e1cia, n\u00edvel de Classifica\u00e7\u00e3o B, n\u00edvel de Capacita\u00e7\u00e3o 4, padr\u00e3o de Vencimento 09, no regime de 40 (quarenta) horas semanais, com o vencimento do mencionado cargo \u00e0 raz\u00e3o de 23\/30 (vinte e tr\u00eas trinta avos), mais a gratifica\u00e7\u00e3o adicional por tempo de servi\u00e7o, prevista no Art. 67 da Lei n\u00ba<\/p>\n","protected":false},"author":41,"featured_media":0,"comment_status":"closed","ping_status":"closed","sticky":false,"template":"wp-custom-template-emissao-entre-01-05-2004-ate-30-06-2017","format":"standard","meta":{"_acf_changed":false,"iawp_total_views":1,"footnotes":""},"categories":[116],"tags":[125],"class_list":["post-159007","post","type-post","status-publish","format-standard","hentry","category-progepe","tag-aposentadoria"],"acf":[],"_links":{"self":[{"href":"https:\/\/progepe.ufpr.br\/portarias\/wp-json\/wp\/v2\/posts\/159007","targetHints":{"allow":["GET"]}}],"collection":[{"href":"https:\/\/progepe.ufpr.br\/portarias\/wp-json\/wp\/v2\/posts"}],"about":[{"href":"https:\/\/progepe.ufpr.br\/portarias\/wp-json\/wp\/v2\/types\/post"}],"author":[{"embeddable":true,"href":"https:\/\/progepe.ufpr.br\/portarias\/wp-json\/wp\/v2\/users\/41"}],"replies":[{"embeddable":true,"href":"https:\/\/progepe.ufpr.br\/portarias\/wp-json\/wp\/v2\/comments?post=159007"}],"version-history":[{"count":1,"href":"https:\/\/progepe.ufpr.br\/portarias\/wp-json\/wp\/v2\/posts\/159007\/revisions"}],"predecessor-version":[{"id":198374,"href":"https:\/\/progepe.ufpr.br\/portarias\/wp-json\/wp\/v2\/posts\/159007\/revisions\/198374"}],"wp:attachment":[{"href":"https:\/\/progepe.ufpr.br\/portarias\/wp-json\/wp\/v2\/media?parent=159007"}],"wp:term":[{"taxonomy":"category","embeddable":true,"href":"https:\/\/progepe.ufpr.br\/portarias\/wp-json\/wp\/v2\/categories?post=159007"},{"taxonomy":"post_tag","embeddable":true,"href":"https:\/\/progepe.ufpr.br\/portarias\/wp-json\/wp\/v2\/tags?post=159007"}],"curies":[{"name":"wp","href":"https:\/\/api.w.org\/{rel}","templated":true}]}}