{"id":159010,"date":"2012-05-25T10:20:00","date_gmt":"2012-05-25T13:20:00","guid":{"rendered":"http:\/\/progepe.ufpr.br\/portarias\/progepe-2012-14654\/"},"modified":"2023-08-03T11:37:29","modified_gmt":"2023-08-03T14:37:29","slug":"progepe-2012-14654","status":"publish","type":"post","link":"https:\/\/progepe.ufpr.br\/portarias\/progepe-2012-14654\/","title":{"rendered":"PORTARIA N\u00ba 14654\/PROGEPE, DE 25 DE MAIO DE 2012"},"content":{"rendered":"\n<p>A Pr\u00f3-Reitora de Gest\u00e3o de Pessoas da Universidade Federal do Paran\u00e1, no uso de suas atribui\u00e7\u00f5es, tendo em vista a compet\u00eancia que lhe \u00e9 conferida pela Portaria n\u00ba 2.590, de 26 de setembro de 1997 e considerando o que consta no processo n\u00ba 020034\/2012-94,<\/p>\n\n\n<p><strong>RESOLVE:<\/strong><\/p>\n\n\n<p>Conceder aposentadoria volunt\u00e1ria por tempo de contribui\u00e7\u00e3o em magist\u00e9rio, nos termos do Art. 3\u00ba da Emenda Constitucional n\u00ba 41\/2003, prevista no Art. 8\u00ba \u00a7 4\u00ba da Emenda Constitucional n\u00ba 20\/1998, ao servidor FUKUO MORIMOTO &#8211; 047953, lotado no Departamento de Fitotecnia e Fitossanitarismo do Setor de Ci\u00eancias Agr\u00e1rias, ocupante da categoria funcional de Magist\u00e9rio Superior, classe de Professor Adjunto, n\u00edvel IV, com Mestrado, no regime de 40 (quarenta) horas semanais com dedica\u00e7\u00e3o exclusiva, com o vencimento do mencionado cargo, mais a gratifica\u00e7\u00e3o adicional por tempo de servi\u00e7o, prevista no Art. 67 da Lei n\u00ba 8.112\/90, no \u00edndice de 27 (vinte e sete por cento), mais o percentual de 3,17 decorrente da Senten\u00e7a Judicial proferida em A\u00e7\u00e3o Ordin\u00e1ria n\u00ba 99.000.5007-0 da 2\u00aa Vara Federal &#8211; PR, mais a retribui\u00e7\u00e3o por titula\u00e7\u00e3o, institu\u00edda pela Lei n\u00ba 11.784\/2008.<\/p><p><\/p>\n\n\n<div style=\"height:15px\" aria-hidden=\"true\" class=\"wp-block-spacer\"><\/div>\n\n\n<div class=\"wp-block-buttons is-content-justification-right is-layout-flex wp-container-core-buttons-is-layout-1 wp-block-buttons-is-layout-flex\">\n<div class=\"wp-block-button has-custom-font-size is-style-outline has-small-font-size is-style-outline--1\"><a class=\"wp-block-button__link\" href=\"https:\/\/progepe.ufpr.br\/portarias\/wp-content\/uploads\/pcp\/PROGEPE\/2012\/14654PR.pdf\" style=\"border-radius:0px\" target=\"_blank\" rel=\"noreferrer noopener\">Acesse o arquivo da portaria<\/a><\/div><\/div>\n","protected":false},"excerpt":{"rendered":"<p>Conceder aposentadoria volunt\u00e1ria por tempo de contribui\u00e7\u00e3o em magist\u00e9rio, nos termos do Art. 3\u00ba da Emenda Constitucional n\u00ba 41\/2003, prevista no Art. 8\u00ba \u00a7 4\u00ba da Emenda Constitucional n\u00ba 20\/1998, ao servidor FUKUO MORIMOTO &#8211; 047953, lotado no Departamento de Fitotecnia e Fitossanitarismo do Setor de Ci\u00eancias Agr\u00e1rias, ocupante da categoria funcional de Magist\u00e9rio Superior, classe de Professor Adjunto, n\u00edvel IV, com Mestrado, no regime de 40 (quarenta) horas semanais com dedica\u00e7\u00e3o exclusiva, com o vencimento do mencionado cargo, mais a gratifica\u00e7\u00e3o adicional por tempo de servi\u00e7o, prevista no Art. 67 da Lei n\u00ba 8.112\/90, no \u00edndice de<\/p>\n","protected":false},"author":41,"featured_media":0,"comment_status":"closed","ping_status":"closed","sticky":false,"template":"wp-custom-template-emissao-entre-01-05-2004-ate-30-06-2017","format":"standard","meta":{"_acf_changed":false,"iawp_total_views":0,"footnotes":""},"categories":[116],"tags":[125],"class_list":["post-159010","post","type-post","status-publish","format-standard","hentry","category-progepe","tag-aposentadoria"],"acf":[],"_links":{"self":[{"href":"https:\/\/progepe.ufpr.br\/portarias\/wp-json\/wp\/v2\/posts\/159010","targetHints":{"allow":["GET"]}}],"collection":[{"href":"https:\/\/progepe.ufpr.br\/portarias\/wp-json\/wp\/v2\/posts"}],"about":[{"href":"https:\/\/progepe.ufpr.br\/portarias\/wp-json\/wp\/v2\/types\/post"}],"author":[{"embeddable":true,"href":"https:\/\/progepe.ufpr.br\/portarias\/wp-json\/wp\/v2\/users\/41"}],"replies":[{"embeddable":true,"href":"https:\/\/progepe.ufpr.br\/portarias\/wp-json\/wp\/v2\/comments?post=159010"}],"version-history":[{"count":1,"href":"https:\/\/progepe.ufpr.br\/portarias\/wp-json\/wp\/v2\/posts\/159010\/revisions"}],"predecessor-version":[{"id":198377,"href":"https:\/\/progepe.ufpr.br\/portarias\/wp-json\/wp\/v2\/posts\/159010\/revisions\/198377"}],"wp:attachment":[{"href":"https:\/\/progepe.ufpr.br\/portarias\/wp-json\/wp\/v2\/media?parent=159010"}],"wp:term":[{"taxonomy":"category","embeddable":true,"href":"https:\/\/progepe.ufpr.br\/portarias\/wp-json\/wp\/v2\/categories?post=159010"},{"taxonomy":"post_tag","embeddable":true,"href":"https:\/\/progepe.ufpr.br\/portarias\/wp-json\/wp\/v2\/tags?post=159010"}],"curies":[{"name":"wp","href":"https:\/\/api.w.org\/{rel}","templated":true}]}}