{"id":159164,"date":"2012-07-18T10:01:00","date_gmt":"2012-07-18T13:01:00","guid":{"rendered":"http:\/\/progepe.ufpr.br\/portarias\/progepe-2012-15486\/"},"modified":"2023-08-03T11:38:48","modified_gmt":"2023-08-03T14:38:48","slug":"progepe-2012-15486","status":"publish","type":"post","link":"https:\/\/progepe.ufpr.br\/portarias\/progepe-2012-15486\/","title":{"rendered":"PORTARIA N\u00ba 15486\/PROGEPE, DE 18 DE JULHO DE 2012"},"content":{"rendered":"\n<p>A Pr\u00f3-Reitora de Gest\u00e3o de Pessoas da Universidade Federal do Paran\u00e1, no uso de suas atribui\u00e7\u00f5es, tendo em vista a compet\u00eancia que lhe \u00e9 conferida pela Portaria n\u00ba 2.590, de 26 de setembro de 1997 e considerando o que consta no processo n\u00ba 021957\/2012-63,<\/p>\n\n\n<p><strong>RESOLVE:<\/strong><\/p>\n\n\n<p>Conceder aposentadoria volunt\u00e1ria por tempo de contribui\u00e7\u00e3o, nos termos do Art. 3\u00ba A da Emenda Constitucional n\u00ba 47, de 05 de julho de 2005, amparado pelo Mandado de Injun\u00e7\u00e3o n\u00ba 1554\/STF\/SINDITEST e ON 10\/SRH\/MOG de 08 de novembro de 2010, Art. 9\u00ba par\u00e1grafo \u00fanico, ao servidor FRANCISCO CARLOS MACHADO DE SOUZA \u2013 76392, lotado na Central de Transportes, ocupante do cargo de Motorista, n\u00edvel de classifica\u00e7\u00e3o C, n\u00edvel de capacita\u00e7\u00e3o IV, padr\u00e3o de vencimento 15, no regime de 40 (quarenta) horas semanais, com o vencimento do mencionado cargo, mais a gratifica\u00e7\u00e3o adicional por tempo de servi\u00e7o, prevista no Art.67 da Lei n\u00ba 8.112\/90, no \u00edndice de 22 (vinte e dois) por cento, calculada sobre o vencimento b\u00e1sico, mais a vantagem pessoal Art.5\u00ba do Decreto n\u00ba 95.689\/88, mantida conforme Senten\u00e7a Judicial \u2013 A\u00e7\u00e3o Ordin\u00e1ria n\u00ba 2002.70.00.069385-5, mais o incentivo a qualifica\u00e7\u00e3o, Decreto n\u00ba 5.824\/06.<\/p><p><\/p>\n\n\n<div style=\"height:15px\" aria-hidden=\"true\" class=\"wp-block-spacer\"><\/div>\n\n\n<div class=\"wp-block-buttons is-content-justification-right is-layout-flex wp-container-core-buttons-is-layout-1 wp-block-buttons-is-layout-flex\">\n<div class=\"wp-block-button has-custom-font-size is-style-outline has-small-font-size is-style-outline--1\"><a class=\"wp-block-button__link\" href=\"https:\/\/progepe.ufpr.br\/portarias\/wp-content\/uploads\/pcp\/PROGEPE\/2012\/15486PR.pdf\" style=\"border-radius:0px\" target=\"_blank\" rel=\"noreferrer noopener\">Acesse o arquivo da portaria<\/a><\/div><\/div>\n","protected":false},"excerpt":{"rendered":"<p>Conceder aposentadoria volunt\u00e1ria por tempo de contribui\u00e7\u00e3o, nos termos do Art. 3\u00ba A da Emenda Constitucional n\u00ba 47, de 05 de julho de 2005, amparado pelo Mandado de Injun\u00e7\u00e3o n\u00ba 1554\/STF\/SINDITEST e ON 10\/SRH\/MOG de 08 de novembro de 2010, Art. 9\u00ba par\u00e1grafo \u00fanico, ao servidor FRANCISCO CARLOS MACHADO DE SOUZA \u2013 76392, lotado na Central de Transportes, ocupante do cargo de Motorista, n\u00edvel de classifica\u00e7\u00e3o C, n\u00edvel de capacita\u00e7\u00e3o IV, padr\u00e3o de vencimento 15, no regime de 40 (quarenta) horas semanais, com o vencimento do mencionado cargo, mais a gratifica\u00e7\u00e3o adicional por tempo de servi\u00e7o, prevista no<\/p>\n","protected":false},"author":41,"featured_media":0,"comment_status":"closed","ping_status":"closed","sticky":false,"template":"wp-custom-template-emissao-entre-01-05-2004-ate-30-06-2017","format":"standard","meta":{"_acf_changed":false,"iawp_total_views":1,"footnotes":""},"categories":[116],"tags":[125],"class_list":["post-159164","post","type-post","status-publish","format-standard","hentry","category-progepe","tag-aposentadoria"],"acf":[],"_links":{"self":[{"href":"https:\/\/progepe.ufpr.br\/portarias\/wp-json\/wp\/v2\/posts\/159164","targetHints":{"allow":["GET"]}}],"collection":[{"href":"https:\/\/progepe.ufpr.br\/portarias\/wp-json\/wp\/v2\/posts"}],"about":[{"href":"https:\/\/progepe.ufpr.br\/portarias\/wp-json\/wp\/v2\/types\/post"}],"author":[{"embeddable":true,"href":"https:\/\/progepe.ufpr.br\/portarias\/wp-json\/wp\/v2\/users\/41"}],"replies":[{"embeddable":true,"href":"https:\/\/progepe.ufpr.br\/portarias\/wp-json\/wp\/v2\/comments?post=159164"}],"version-history":[{"count":1,"href":"https:\/\/progepe.ufpr.br\/portarias\/wp-json\/wp\/v2\/posts\/159164\/revisions"}],"predecessor-version":[{"id":198530,"href":"https:\/\/progepe.ufpr.br\/portarias\/wp-json\/wp\/v2\/posts\/159164\/revisions\/198530"}],"wp:attachment":[{"href":"https:\/\/progepe.ufpr.br\/portarias\/wp-json\/wp\/v2\/media?parent=159164"}],"wp:term":[{"taxonomy":"category","embeddable":true,"href":"https:\/\/progepe.ufpr.br\/portarias\/wp-json\/wp\/v2\/categories?post=159164"},{"taxonomy":"post_tag","embeddable":true,"href":"https:\/\/progepe.ufpr.br\/portarias\/wp-json\/wp\/v2\/tags?post=159164"}],"curies":[{"name":"wp","href":"https:\/\/api.w.org\/{rel}","templated":true}]}}