{"id":159686,"date":"2012-05-17T10:15:00","date_gmt":"2012-05-17T13:15:00","guid":{"rendered":"http:\/\/progepe.ufpr.br\/portarias\/progepe-2012-14485\/"},"modified":"2023-08-03T11:37:13","modified_gmt":"2023-08-03T14:37:13","slug":"progepe-2012-14485","status":"publish","type":"post","link":"https:\/\/progepe.ufpr.br\/portarias\/progepe-2012-14485\/","title":{"rendered":"PORTARIA N\u00ba 14485\/PROGEPE, DE 17 DE MAIO DE 2012"},"content":{"rendered":"\n<p>A Pr\u00f3-Reitora de Gest\u00e3o de Pessoas da Universidade Federal do Paran\u00e1, no uso de suas atribui\u00e7\u00f5es, tendo em vista a compet\u00eancia que lhe \u00e9 conferida pela Portaria n\u00ba 2.590, de 26 de setembro de 1997 e o que consta no Art. 103 da Lei n\u00ba 8.112\/90 e ainda o contido no processo n\u00ba 020579\/2012-09,<\/p>\n\n\n<p><strong>RESOLVE:<\/strong><\/p>\n\n\n<p>I. Averbar, a partir de 14 de maio de 2012, para fins de aposentadoria e disponibilidade, o tempo de servi\u00e7o prestado \u00e0 J B Miranda \u2013 ME, no per\u00edodo de 23.09.1985 a 27.03.1986, no total de 186 (cento e oitenta e seis) dias; como Aut\u00f4nomo, no per\u00edodo de 01.06.1986 a 30.11.1986, no total de 183(cento e oitenta e tr\u00eas) dias; Clinica M\u00e9dica Gonzales Ltda., no per\u00edodo de 12.01.1987 a 15.08.1987, no total de 216 (duzentos e dezesseis) dias; como Aut\u00f4nomo, no per\u00edodo de 01.09.1987 a 31.05.1990, no total de 1004 (um mil e quatro) dias; como Aut\u00f4nomo, no per\u00edodo de 01.07.1990 a 30.11.1990, no total de 153 (cento e cinquenta e tr\u00eas) dias; como Aut\u00f4nomo, no per\u00edodo de 01.01.1991 a 29.02.1992, no total de 425 (quatrocentos e vinte e cinco) dias; Puras do Brasil Sociedade An\u00f4nima, no per\u00edodo de 02.08.1993 a 09.04.1995, no total de 616 (seiscentos e dezesseis) dias; como Aut\u00f4nomo, no per\u00edodo de 10.04.1995 a 31.08.1996, no total de 510 (quinhentos e dez) dias; como Aut\u00f4noma, no per\u00edodo de 01.10.1996 a 28.02.1998, no total de 516 (quinhentos e dezesseis) dias; Puras do Brasil Sociedade An\u00f4nima, no per\u00edodo de 01.03.1998 a 09.03.1998, no total de 09 (nove) dias; Sodexo do Brasil Comercial Ltda., no per\u00edodo de 16.03.1998 a 01.11.1999, no total de 596 (quinhentos e noventa e seis) dias; como Aut\u00f4nomo, no per\u00edodo de 01.08.2004 a 31.05.2005, no total de 304 (trezentos e quatro) dias; como Aut\u00f4nomo, no per\u00edodo de 01.07.2005 a 31.07.2005, no total de 31 (trinta e um) dias; como Aut\u00f4nomo, no per\u00edodo de 01.08.2005 a 28.02.2007, no total de 577 (quinhentos e setenta e sete) dias; e, como Aut\u00f4nomo, no per\u00edodo de 01.11.2007 a 31.05.2008, no total de 213 (duzentos e treze) dias; em favor da servidora CRISTIANE SCHULER MONTEIRO &#8211; 200957, ocupante do cargo de Professor classe Assistente, lotada no Departamento de Nutri\u00e7\u00e3o do Setor de Ci\u00eancias da Sa\u00fade.<\/p><p> II. Averbar, a partir da mesma data, para fins de aposentadoria, aposentadoria especial e disponibilidade, o tempo de servi\u00e7o prestado ao Instituto Metodista de Educa\u00e7\u00e3o e Cultura, no per\u00edodo de 24.03.1992 a 01.08.1993, no total de 496 (quatrocentos e noventa e seis) dias; e, Associa\u00e7\u00e3o de Ensino Versalhes, no per\u00edodo de 07.04.2000 a 28.07.2004, no total de 1574 (um mil quinhentos e setenta e quatro) dias, \u00e0 referida docente.<\/p><p><\/p>\n\n\n<div style=\"height:15px\" aria-hidden=\"true\" class=\"wp-block-spacer\"><\/div>\n\n\n<div class=\"wp-block-buttons is-content-justification-right is-layout-flex wp-container-core-buttons-is-layout-1 wp-block-buttons-is-layout-flex\">\n<div class=\"wp-block-button has-custom-font-size is-style-outline has-small-font-size is-style-outline--1\"><a class=\"wp-block-button__link\" href=\"https:\/\/progepe.ufpr.br\/portarias\/wp-content\/uploads\/pcp\/PROGEPE\/2012\/14485PR.pdf\" style=\"border-radius:0px\" target=\"_blank\" rel=\"noreferrer noopener\">Acesse o arquivo da portaria<\/a><\/div><\/div>\n","protected":false},"excerpt":{"rendered":"<p>I. Averbar, a partir de 14 de maio de 2012, para fins de aposentadoria e disponibilidade, o tempo de servi\u00e7o prestado \u00e0 J B Miranda \u2013 ME, no per\u00edodo de 23.09.1985 a 27.03.1986, no total de 186 (cento e oitenta e seis) dias; como Aut\u00f4nomo, no per\u00edodo de 01.06.1986 a 30.11.1986, no total de 183(cento e oitenta e tr\u00eas) dias; Clinica M\u00e9dica Gonzales Ltda., no per\u00edodo de 12.01.1987 a 15.08.1987, no total de 216 (duzentos e dezesseis) dias; como Aut\u00f4nomo, no per\u00edodo de 01.09.1987 a 31.05.1990, no total de 1004 (um mil e quatro) dias; como Aut\u00f4nomo, no<\/p>\n","protected":false},"author":41,"featured_media":0,"comment_status":"closed","ping_status":"closed","sticky":false,"template":"wp-custom-template-emissao-entre-01-05-2004-ate-30-06-2017","format":"standard","meta":{"_acf_changed":false,"iawp_total_views":0,"footnotes":""},"categories":[116],"tags":[140],"class_list":["post-159686","post","type-post","status-publish","format-standard","hentry","category-progepe","tag-averbacao-desaverbacao"],"acf":[],"_links":{"self":[{"href":"https:\/\/progepe.ufpr.br\/portarias\/wp-json\/wp\/v2\/posts\/159686","targetHints":{"allow":["GET"]}}],"collection":[{"href":"https:\/\/progepe.ufpr.br\/portarias\/wp-json\/wp\/v2\/posts"}],"about":[{"href":"https:\/\/progepe.ufpr.br\/portarias\/wp-json\/wp\/v2\/types\/post"}],"author":[{"embeddable":true,"href":"https:\/\/progepe.ufpr.br\/portarias\/wp-json\/wp\/v2\/users\/41"}],"replies":[{"embeddable":true,"href":"https:\/\/progepe.ufpr.br\/portarias\/wp-json\/wp\/v2\/comments?post=159686"}],"version-history":[{"count":1,"href":"https:\/\/progepe.ufpr.br\/portarias\/wp-json\/wp\/v2\/posts\/159686\/revisions"}],"predecessor-version":[{"id":199041,"href":"https:\/\/progepe.ufpr.br\/portarias\/wp-json\/wp\/v2\/posts\/159686\/revisions\/199041"}],"wp:attachment":[{"href":"https:\/\/progepe.ufpr.br\/portarias\/wp-json\/wp\/v2\/media?parent=159686"}],"wp:term":[{"taxonomy":"category","embeddable":true,"href":"https:\/\/progepe.ufpr.br\/portarias\/wp-json\/wp\/v2\/categories?post=159686"},{"taxonomy":"post_tag","embeddable":true,"href":"https:\/\/progepe.ufpr.br\/portarias\/wp-json\/wp\/v2\/tags?post=159686"}],"curies":[{"name":"wp","href":"https:\/\/api.w.org\/{rel}","templated":true}]}}