{"id":159690,"date":"2012-05-25T10:12:00","date_gmt":"2012-05-25T13:12:00","guid":{"rendered":"http:\/\/progepe.ufpr.br\/portarias\/progepe-2012-14646\/"},"modified":"2023-08-03T11:37:28","modified_gmt":"2023-08-03T14:37:28","slug":"progepe-2012-14646","status":"publish","type":"post","link":"https:\/\/progepe.ufpr.br\/portarias\/progepe-2012-14646\/","title":{"rendered":"PORTARIA N\u00ba 14646\/PROGEPE, DE 25 DE MAIO DE 2012"},"content":{"rendered":"\n<p>A Pr\u00f3-Reitora de Gest\u00e3o de Pessoas da Universidade Federal do Paran\u00e1, no uso de suas atribui\u00e7\u00f5es, tendo em vista a compet\u00eancia que lhe \u00e9 conferida pela Portaria n\u00ba 2.590, de 26 de setembro de 1997 e o que consta no Art. 103 da Lei n\u00ba 8.112\/90 e ainda o contido no processo n\u00ba 021513\/2012-28,<\/p>\n\n\n<p><strong>RESOLVE:<\/strong><\/p>\n\n\n<p>Averbar, a partir de 18 de maio de 2012, para fins de aposentadoria e disponibilidade, o tempo de servi\u00e7o prestado \u00e0 Companhia Brasileira de Distribui\u00e7\u00e3o, no per\u00edodo de 24.08.1989 a 21.11.1989, no total de 90 (noventa) dias; Associa\u00e7\u00e3o Hospitalar de Prot. Inf\u00e2ncia Dr. Raul Carneiro, no per\u00edodo de 05.10.1990 a 23.07.1991, no total de 292 (duzentos e noventa e dois) dias; Das Na\u00e7\u00f5es Ltda., no per\u00edodo de 01.04.1993 a 30.07.1993, no total de 121 (cento e vinte e um) dias; Cl\u00ednica M\u00e9dica CMI, no per\u00edodo de 01.09.1993 a 30.10.1994, no total de 425 (quatrocentos e vinte e cinco) dias; Hospital Santa Cruz Sociedade An\u00f4nima, no per\u00edodo de 05.12.1994 a 01.02.1995, no total de 59 (cinquenta e nove) dias; Sociedade Evang\u00e9lica Beneficente de Curitiba, no per\u00edodo de 06.03.1995 a 10.04.1995, no total de 36 (trinta e seis) dias; Hospital Nossa Senhora das Gra\u00e7as, no per\u00edodo de 11.04.1995 a 06.04.1999, no total de 1457 (um mil quatrocentos e cinqienta e sete) dias; SMA &#8211; Empreendimentos e Participa\u00e7\u00f5es S.A., no per\u00edodo de 07.04.1999 a 16.12.2000, no total de 620 (seiscentos e vinte) dias; Comunh\u00e3o Esp\u00edrita de Curitiba, no per\u00edodo de 01.03.2001 a 24.04.2001, no total de 55 (cinquenta e cinco) dias; Liga Paranaense de Combate ao C\u00e2ncer, no per\u00edodo de 12.03.2002 a 16.04.2003, no total de 401 (quatrocentos e um) dias; e, Irmandade da Santa Casa de Miseric\u00f3rdia de Curitiba, no per\u00edodo de 17.04.2003 a 14.01.2004, no total de 273 (duzentos e setenta e tr\u00eas) dias, em favor da servidora GISELE DE OLIVEIRA &#8211; 176468, ocupante do cargo de Auxiliar de Enfermagem, aposentada.<\/p><p><\/p>\n\n\n<div style=\"height:15px\" aria-hidden=\"true\" class=\"wp-block-spacer\"><\/div>\n\n\n<div class=\"wp-block-buttons is-content-justification-right is-layout-flex wp-container-core-buttons-is-layout-1 wp-block-buttons-is-layout-flex\">\n<div class=\"wp-block-button has-custom-font-size is-style-outline has-small-font-size is-style-outline--1\"><a class=\"wp-block-button__link\" href=\"https:\/\/progepe.ufpr.br\/portarias\/wp-content\/uploads\/pcp\/PROGEPE\/2012\/14646PR.pdf\" style=\"border-radius:0px\" target=\"_blank\" rel=\"noreferrer noopener\">Acesse o arquivo da portaria<\/a><\/div><\/div>\n","protected":false},"excerpt":{"rendered":"<p>Averbar, a partir de 18 de maio de 2012, para fins de aposentadoria e disponibilidade, o tempo de servi\u00e7o prestado \u00e0 Companhia Brasileira de Distribui\u00e7\u00e3o, no per\u00edodo de 24.08.1989 a 21.11.1989, no total de 90 (noventa) dias; Associa\u00e7\u00e3o Hospitalar de Prot. Inf\u00e2ncia Dr. Raul Carneiro, no per\u00edodo de 05.10.1990 a 23.07.1991, no total de 292 (duzentos e noventa e dois) dias; Das Na\u00e7\u00f5es Ltda., no per\u00edodo de 01.04.1993 a 30.07.1993, no total de 121 (cento e vinte e um) dias; Cl\u00ednica M\u00e9dica CMI, no per\u00edodo de 01.09.1993 a 30.10.1994, no total de 425 (quatrocentos e vinte e cinco)<\/p>\n","protected":false},"author":41,"featured_media":0,"comment_status":"closed","ping_status":"closed","sticky":false,"template":"wp-custom-template-emissao-entre-01-05-2004-ate-30-06-2017","format":"standard","meta":{"_acf_changed":false,"iawp_total_views":0,"footnotes":""},"categories":[116],"tags":[140],"class_list":["post-159690","post","type-post","status-publish","format-standard","hentry","category-progepe","tag-averbacao-desaverbacao"],"acf":[],"_links":{"self":[{"href":"https:\/\/progepe.ufpr.br\/portarias\/wp-json\/wp\/v2\/posts\/159690","targetHints":{"allow":["GET"]}}],"collection":[{"href":"https:\/\/progepe.ufpr.br\/portarias\/wp-json\/wp\/v2\/posts"}],"about":[{"href":"https:\/\/progepe.ufpr.br\/portarias\/wp-json\/wp\/v2\/types\/post"}],"author":[{"embeddable":true,"href":"https:\/\/progepe.ufpr.br\/portarias\/wp-json\/wp\/v2\/users\/41"}],"replies":[{"embeddable":true,"href":"https:\/\/progepe.ufpr.br\/portarias\/wp-json\/wp\/v2\/comments?post=159690"}],"version-history":[{"count":1,"href":"https:\/\/progepe.ufpr.br\/portarias\/wp-json\/wp\/v2\/posts\/159690\/revisions"}],"predecessor-version":[{"id":199045,"href":"https:\/\/progepe.ufpr.br\/portarias\/wp-json\/wp\/v2\/posts\/159690\/revisions\/199045"}],"wp:attachment":[{"href":"https:\/\/progepe.ufpr.br\/portarias\/wp-json\/wp\/v2\/media?parent=159690"}],"wp:term":[{"taxonomy":"category","embeddable":true,"href":"https:\/\/progepe.ufpr.br\/portarias\/wp-json\/wp\/v2\/categories?post=159690"},{"taxonomy":"post_tag","embeddable":true,"href":"https:\/\/progepe.ufpr.br\/portarias\/wp-json\/wp\/v2\/tags?post=159690"}],"curies":[{"name":"wp","href":"https:\/\/api.w.org\/{rel}","templated":true}]}}