{"id":159694,"date":"2012-05-29T10:34:00","date_gmt":"2012-05-29T13:34:00","guid":{"rendered":"http:\/\/progepe.ufpr.br\/portarias\/progepe-2012-14692\/"},"modified":"2023-08-03T11:37:32","modified_gmt":"2023-08-03T14:37:32","slug":"progepe-2012-14692","status":"publish","type":"post","link":"https:\/\/progepe.ufpr.br\/portarias\/progepe-2012-14692\/","title":{"rendered":"PORTARIA N\u00ba 14692\/PROGEPE, DE 29 DE MAIO DE 2012"},"content":{"rendered":"\n<p>A Pr\u00f3-Reitora de Gest\u00e3o de Pessoas da Universidade Federal do Paran\u00e1 em exerc\u00edcio, no uso de suas atribui\u00e7\u00f5es, tendo em vista a compet\u00eancia que lhe \u00e9 conferida pela Portaria n\u00ba 2.590, de 26 de setembro de 1997 e o que consta no Art. 103 da Lei n\u00ba 8.112\/90 e ainda o contido no processo n\u00ba 021848\/2012-46,<\/p>\n\n\n<p><strong>RESOLVE:<\/strong><\/p>\n\n\n<p>I. Averbar, a partir de 21 de maio de 2012, para fins de aposentadoria e disponibilidade, o tempo de servi\u00e7o prestado \u00e0 Colorama Laborat\u00f3rio Fotogr\u00e1fico Ltda., no per\u00edodo de 23.03.1990 a 04.09.1990, no total de 166 (cento e sessenta e seis) dias; Toque e Retoque Artesanato Decora\u00e7\u00e3o Ltda. ME, no per\u00edodo de 01.10.1990 a 30.01.1991, no total de 122 (cento e vinte e dois) dias; Associa\u00e7\u00e3o Cultural S\u00e3o Jose, no per\u00edodo de 11.08.1993 a 26.11.1993, no total de 108 (cento e oito) dias; e, Funda\u00e7\u00e3o da Universidade Federal do Paran\u00e1 para o Desen., no per\u00edodo de 27.11.1993 a 29.02.1996, no total de 825 (oitocentos e vinte e cinco) dias; em favor da servidora CRISTIANE ALVES DE ALMEIDA SILVA &#8211; 139041, ocupante do cargo de Auxiliar de Enfermagem, lotada no Centro de Aten\u00e7\u00e3o \u00e0 Sa\u00fade \u2013 Casa 3.<\/p><p><\/p>\n\n\n<div style=\"height:15px\" aria-hidden=\"true\" class=\"wp-block-spacer\"><\/div>\n\n\n<div class=\"wp-block-buttons is-content-justification-right is-layout-flex wp-container-core-buttons-is-layout-1 wp-block-buttons-is-layout-flex\">\n<div class=\"wp-block-button has-custom-font-size is-style-outline has-small-font-size is-style-outline--1\"><a class=\"wp-block-button__link\" href=\"https:\/\/progepe.ufpr.br\/portarias\/wp-content\/uploads\/pcp\/PROGEPE\/2012\/14692PR.pdf\" style=\"border-radius:0px\" target=\"_blank\" rel=\"noreferrer noopener\">Acesse o arquivo da portaria<\/a><\/div><\/div>\n","protected":false},"excerpt":{"rendered":"<p>I. Averbar, a partir de 21 de maio de 2012, para fins de aposentadoria e disponibilidade, o tempo de servi\u00e7o prestado \u00e0 Colorama Laborat\u00f3rio Fotogr\u00e1fico Ltda., no per\u00edodo de 23.03.1990 a 04.09.1990, no total de 166 (cento e sessenta e seis) dias; Toque e Retoque Artesanato Decora\u00e7\u00e3o Ltda. ME, no per\u00edodo de 01.10.1990 a 30.01.1991, no total de 122 (cento e vinte e dois) dias; Associa\u00e7\u00e3o Cultural S\u00e3o Jose, no per\u00edodo de 11.08.1993 a 26.11.1993, no total de 108 (cento e oito) dias; e, Funda\u00e7\u00e3o da Universidade Federal do Paran\u00e1 para o Desen., no per\u00edodo de 27.11.1993 a<\/p>\n","protected":false},"author":41,"featured_media":0,"comment_status":"closed","ping_status":"closed","sticky":false,"template":"wp-custom-template-emissao-entre-01-05-2004-ate-30-06-2017","format":"standard","meta":{"_acf_changed":false,"iawp_total_views":0,"footnotes":""},"categories":[116],"tags":[140],"class_list":["post-159694","post","type-post","status-publish","format-standard","hentry","category-progepe","tag-averbacao-desaverbacao"],"acf":[],"_links":{"self":[{"href":"https:\/\/progepe.ufpr.br\/portarias\/wp-json\/wp\/v2\/posts\/159694","targetHints":{"allow":["GET"]}}],"collection":[{"href":"https:\/\/progepe.ufpr.br\/portarias\/wp-json\/wp\/v2\/posts"}],"about":[{"href":"https:\/\/progepe.ufpr.br\/portarias\/wp-json\/wp\/v2\/types\/post"}],"author":[{"embeddable":true,"href":"https:\/\/progepe.ufpr.br\/portarias\/wp-json\/wp\/v2\/users\/41"}],"replies":[{"embeddable":true,"href":"https:\/\/progepe.ufpr.br\/portarias\/wp-json\/wp\/v2\/comments?post=159694"}],"version-history":[{"count":1,"href":"https:\/\/progepe.ufpr.br\/portarias\/wp-json\/wp\/v2\/posts\/159694\/revisions"}],"predecessor-version":[{"id":199049,"href":"https:\/\/progepe.ufpr.br\/portarias\/wp-json\/wp\/v2\/posts\/159694\/revisions\/199049"}],"wp:attachment":[{"href":"https:\/\/progepe.ufpr.br\/portarias\/wp-json\/wp\/v2\/media?parent=159694"}],"wp:term":[{"taxonomy":"category","embeddable":true,"href":"https:\/\/progepe.ufpr.br\/portarias\/wp-json\/wp\/v2\/categories?post=159694"},{"taxonomy":"post_tag","embeddable":true,"href":"https:\/\/progepe.ufpr.br\/portarias\/wp-json\/wp\/v2\/tags?post=159694"}],"curies":[{"name":"wp","href":"https:\/\/api.w.org\/{rel}","templated":true}]}}