{"id":159695,"date":"2012-05-29T10:35:00","date_gmt":"2012-05-29T13:35:00","guid":{"rendered":"http:\/\/progepe.ufpr.br\/portarias\/progepe-2012-14693\/"},"modified":"2023-08-03T11:37:33","modified_gmt":"2023-08-03T14:37:33","slug":"progepe-2012-14693","status":"publish","type":"post","link":"https:\/\/progepe.ufpr.br\/portarias\/progepe-2012-14693\/","title":{"rendered":"PORTARIA N\u00ba 14693\/PROGEPE, DE 29 DE MAIO DE 2012"},"content":{"rendered":"\n<p>A Pr\u00f3-Reitora de Gest\u00e3o de Pessoas da Universidade Federal do Paran\u00e1 em exerc\u00edcio, no uso de suas atribui\u00e7\u00f5es, tendo em vista a compet\u00eancia que lhe \u00e9 conferida pela Portaria n\u00ba 2.590, de 26 de setembro de 1997 e o que consta nos Art. 100 e 103 da Lei n\u00ba 8.112\/90 e ainda o contido no processo n\u00ba 022278\/2012-10,<\/p>\n\n\n<p><strong>RESOLVE:<\/strong><\/p>\n\n\n<p>I. Averbar, a partir de 23 de maio de 2012, para fins de aposentadoria e disponibilidade, o tempo de servi\u00e7o prestado \u00e0 Sociedade Brasileira de Cultura Inglesa, no per\u00edodo de 01.03.1979 a 23.12.1981, no total de 1029 (um mil e vinte e nove) dias; como Aut\u00f4nomo, no per\u00edodo de 01.12.1985 a 31.12.1985, no total de 31 (trinta e um) dias; Faculdades Cat\u00f3licas, no per\u00edodo de 01.02.1986 a 06.06.1991, no total de 1952 (um mil novecentos e cinquenta e dois) dias; e, Faculdades Cat\u00f3licas, no per\u00edodo de 19.08.1992 a 28.02.1993, no total de 194 (cento e noventa e quatro) dias, em favor da servidora LAURA SANCHEZ GARCIA \u2013 154385, ocupante do cargo de Professor classe Associado, lotada no Departamento de Inform\u00e1tica do Setor de Ci\u00eancias Exatas.<\/p><p> II. Averbar, a partir da mesma data, para fins de aposentadoria, aposentadoria especial, licen\u00e7a especial, disponibilidade e gratifica\u00e7\u00e3o adicional, o tempo de servi\u00e7o prestado \u00e0 Universidade Tecnol\u00f3gica Federal do Paran\u00e1, no per\u00edodo de 01.09.1995 a 14.10.1996, no total de 410 (quatrocentos e dez) dias; \u00e0 referida servidora.<\/p><p> III. Averbar, a partir da mesma data, para fins de aposentadoria, aposentadoria especial, gratifica\u00e7\u00e3o adicional e disponibilidade, o tempo de servi\u00e7o prestado \u00e0 Universidade Tecnol\u00f3gica Federal do Paran\u00e1, no per\u00edodo de 15.10.1996 a 27.01.1998, no total de 470 (quatrocentos e setenta) dias, \u00e0 referida servidora.<\/p><p><\/p>\n\n\n<div style=\"height:15px\" aria-hidden=\"true\" class=\"wp-block-spacer\"><\/div>\n\n\n<div class=\"wp-block-buttons is-content-justification-right is-layout-flex wp-container-core-buttons-is-layout-1 wp-block-buttons-is-layout-flex\">\n<div class=\"wp-block-button has-custom-font-size is-style-outline has-small-font-size is-style-outline--1\"><a class=\"wp-block-button__link\" href=\"https:\/\/progepe.ufpr.br\/portarias\/wp-content\/uploads\/pcp\/PROGEPE\/2012\/14693PR.pdf\" style=\"border-radius:0px\" target=\"_blank\" rel=\"noreferrer noopener\">Acesse o arquivo da portaria<\/a><\/div><\/div>\n","protected":false},"excerpt":{"rendered":"<p>I. Averbar, a partir de 23 de maio de 2012, para fins de aposentadoria e disponibilidade, o tempo de servi\u00e7o prestado \u00e0 Sociedade Brasileira de Cultura Inglesa, no per\u00edodo de 01.03.1979 a 23.12.1981, no total de 1029 (um mil e vinte e nove) dias; como Aut\u00f4nomo, no per\u00edodo de 01.12.1985 a 31.12.1985, no total de 31 (trinta e um) dias; Faculdades Cat\u00f3licas, no per\u00edodo de 01.02.1986 a 06.06.1991, no total de 1952 (um mil novecentos e cinquenta e dois) dias; e, Faculdades Cat\u00f3licas, no per\u00edodo de 19.08.1992 a 28.02.1993, no total de 194 (cento e noventa e quatro)<\/p>\n","protected":false},"author":41,"featured_media":0,"comment_status":"closed","ping_status":"closed","sticky":false,"template":"wp-custom-template-emissao-entre-01-05-2004-ate-30-06-2017","format":"standard","meta":{"_acf_changed":false,"iawp_total_views":0,"footnotes":""},"categories":[116],"tags":[140],"class_list":["post-159695","post","type-post","status-publish","format-standard","hentry","category-progepe","tag-averbacao-desaverbacao"],"acf":[],"_links":{"self":[{"href":"https:\/\/progepe.ufpr.br\/portarias\/wp-json\/wp\/v2\/posts\/159695","targetHints":{"allow":["GET"]}}],"collection":[{"href":"https:\/\/progepe.ufpr.br\/portarias\/wp-json\/wp\/v2\/posts"}],"about":[{"href":"https:\/\/progepe.ufpr.br\/portarias\/wp-json\/wp\/v2\/types\/post"}],"author":[{"embeddable":true,"href":"https:\/\/progepe.ufpr.br\/portarias\/wp-json\/wp\/v2\/users\/41"}],"replies":[{"embeddable":true,"href":"https:\/\/progepe.ufpr.br\/portarias\/wp-json\/wp\/v2\/comments?post=159695"}],"version-history":[{"count":1,"href":"https:\/\/progepe.ufpr.br\/portarias\/wp-json\/wp\/v2\/posts\/159695\/revisions"}],"predecessor-version":[{"id":199050,"href":"https:\/\/progepe.ufpr.br\/portarias\/wp-json\/wp\/v2\/posts\/159695\/revisions\/199050"}],"wp:attachment":[{"href":"https:\/\/progepe.ufpr.br\/portarias\/wp-json\/wp\/v2\/media?parent=159695"}],"wp:term":[{"taxonomy":"category","embeddable":true,"href":"https:\/\/progepe.ufpr.br\/portarias\/wp-json\/wp\/v2\/categories?post=159695"},{"taxonomy":"post_tag","embeddable":true,"href":"https:\/\/progepe.ufpr.br\/portarias\/wp-json\/wp\/v2\/tags?post=159695"}],"curies":[{"name":"wp","href":"https:\/\/api.w.org\/{rel}","templated":true}]}}