{"id":159789,"date":"2012-09-04T10:39:00","date_gmt":"2012-09-04T13:39:00","guid":{"rendered":"http:\/\/progepe.ufpr.br\/portarias\/progepe-2012-16256\/"},"modified":"2023-08-03T11:40:01","modified_gmt":"2023-08-03T14:40:01","slug":"progepe-2012-16256","status":"publish","type":"post","link":"https:\/\/progepe.ufpr.br\/portarias\/progepe-2012-16256\/","title":{"rendered":"PORTARIA N\u00ba 16256\/PROGEPE, DE 04 DE SETEMBRO DE 2012"},"content":{"rendered":"\n<p>A Pr\u00f3-Reitora de Gest\u00e3o de Pessoas da Universidade Federal do Paran\u00e1, no uso de suas atribui\u00e7\u00f5es, tendo em vista a compet\u00eancia que lhe \u00e9 conferida pela Portaria n\u00ba 2.590, de 26 de setembro de 1997 e o que consta no Art. 103 da Lei n\u00ba 8.112\/90 e ainda o contido no processo n\u00ba 033020\/2012-31,<\/p>\n\n\n<p><strong>RESOLVE:<\/strong><\/p>\n\n\n<p>Averbar, a partir de 30 de agosto de 2012, para fins de aposentadoria e disponibilidade, o tempo de servi\u00e7o prestado \u00e0 Senff Parati Incorpora\u00e7\u00f5es e Empreendimentos Imobili\u00e1rios, no per\u00edodo de 08.11.1999 a 09.12.1999, no total de 32 (trinta e dois) dias; Promovere Merchandising Ltda. ME, no per\u00edodo de 18.04.2000 a 23.04.2000, no total de 06 (seis) dias; Promovere Merchandising Ltda. ME, no per\u00edodo de 01.09.2000 a 03.09.2000, no total de 03 (tr\u00eas) dias; Instituto Nacional de Administra\u00e7\u00e3o Prisional Ltda., no per\u00edodo de 19.11.2003 a 13.02.2004, no total de 87 (oitenta e sete) dias; S. Cruz Com\u00e9rcio de Produtos M\u00e9dicos Ltda., no per\u00edodo de 01.06.2005 a 30.06.2006, no total de 395 (trezentos e noventa e cinco) dias; Sindicato Rural de Londrina, no per\u00edodo de 02.03.2007 a 12.06.2008, no total de 469 (quatrocentos e sessenta e nove) dias; Labor Trabalho Tempor\u00e1rio Ltda., no per\u00edodo de 29.12.2008 a 31.12.2008, no total de 03 (tr\u00eas) dias; Rodrigo Mauricio Takahashi Franco &#038; Cia. Ltda., no per\u00edodo de 10.02.2009 a 11.03.2009, no total de 30 (trinta) dias; G. E.<\/p><p> S. P. Com\u00e9rcio de Equipamentos de Sistemas de Seguran\u00e7a, no per\u00edodo de 11.05.2009 a 10.07.2009, no total de 61 (sessenta e um) dias; Alternativa Trabalho Tempor\u00e1rio Ltda., no per\u00edodo de 08.01.2010 a 01.02.2010, no total de 25 (vinte e cinco) dias; Bullet Servi\u00e7os Tempor\u00e1rios Ltda., no per\u00edodo de 06.04.2010 a 30.04.2010, no total de 25 (vinte e cinco) dias; QST Qualidade em Servi\u00e7os Terceirizados Ltda., no per\u00edodo de 19.10.2010 a 04.11.2010, no total de 17 (dezessete) dias; como Aut\u00f4nomo, no per\u00edodo de 01.12.2010 a 31.12.2010, no total de 31 (trinta e um) dias; e, como Aut\u00f4nomo, no per\u00edodo de 01.02.2011 a 31.08.2011, no total de 212 (duzentos e doze) dias, em favor da servidora CLARISSE OLIVEIRA KOWALSKI &#8211; 202964, ocupante do cargo de Assistente Social, lotada no Servi\u00e7o Social M\u00e9dico do Hospital de Cl\u00ednicas.<\/p><p><\/p>\n\n\n<div style=\"height:15px\" aria-hidden=\"true\" class=\"wp-block-spacer\"><\/div>\n\n\n<div class=\"wp-block-buttons is-content-justification-right is-layout-flex wp-container-core-buttons-is-layout-1 wp-block-buttons-is-layout-flex\">\n<div class=\"wp-block-button has-custom-font-size is-style-outline has-small-font-size is-style-outline--1\"><a class=\"wp-block-button__link\" href=\"https:\/\/progepe.ufpr.br\/portarias\/wp-content\/uploads\/pcp\/PROGEPE\/2012\/16256PR.pdf\" style=\"border-radius:0px\" target=\"_blank\" rel=\"noreferrer noopener\">Acesse o arquivo da portaria<\/a><\/div><\/div>\n","protected":false},"excerpt":{"rendered":"<p>Averbar, a partir de 30 de agosto de 2012, para fins de aposentadoria e disponibilidade, o tempo de servi\u00e7o prestado \u00e0 Senff Parati Incorpora\u00e7\u00f5es e Empreendimentos Imobili\u00e1rios, no per\u00edodo de 08.11.1999 a 09.12.1999, no total de 32 (trinta e dois) dias; Promovere Merchandising Ltda. ME, no per\u00edodo de 18.04.2000 a 23.04.2000, no total de 06 (seis) dias; Promovere Merchandising Ltda. ME, no per\u00edodo de 01.09.2000 a 03.09.2000, no total de 03 (tr\u00eas) dias; Instituto Nacional de Administra\u00e7\u00e3o Prisional Ltda., no per\u00edodo de 19.11.2003 a 13.02.2004, no total de 87 (oitenta e sete) dias; S. Cruz Com\u00e9rcio de Produtos<\/p>\n","protected":false},"author":41,"featured_media":0,"comment_status":"closed","ping_status":"closed","sticky":false,"template":"wp-custom-template-emissao-entre-01-05-2004-ate-30-06-2017","format":"standard","meta":{"_acf_changed":false,"iawp_total_views":1,"footnotes":""},"categories":[116],"tags":[140],"class_list":["post-159789","post","type-post","status-publish","format-standard","hentry","category-progepe","tag-averbacao-desaverbacao"],"acf":[],"_links":{"self":[{"href":"https:\/\/progepe.ufpr.br\/portarias\/wp-json\/wp\/v2\/posts\/159789","targetHints":{"allow":["GET"]}}],"collection":[{"href":"https:\/\/progepe.ufpr.br\/portarias\/wp-json\/wp\/v2\/posts"}],"about":[{"href":"https:\/\/progepe.ufpr.br\/portarias\/wp-json\/wp\/v2\/types\/post"}],"author":[{"embeddable":true,"href":"https:\/\/progepe.ufpr.br\/portarias\/wp-json\/wp\/v2\/users\/41"}],"replies":[{"embeddable":true,"href":"https:\/\/progepe.ufpr.br\/portarias\/wp-json\/wp\/v2\/comments?post=159789"}],"version-history":[{"count":1,"href":"https:\/\/progepe.ufpr.br\/portarias\/wp-json\/wp\/v2\/posts\/159789\/revisions"}],"predecessor-version":[{"id":199144,"href":"https:\/\/progepe.ufpr.br\/portarias\/wp-json\/wp\/v2\/posts\/159789\/revisions\/199144"}],"wp:attachment":[{"href":"https:\/\/progepe.ufpr.br\/portarias\/wp-json\/wp\/v2\/media?parent=159789"}],"wp:term":[{"taxonomy":"category","embeddable":true,"href":"https:\/\/progepe.ufpr.br\/portarias\/wp-json\/wp\/v2\/categories?post=159789"},{"taxonomy":"post_tag","embeddable":true,"href":"https:\/\/progepe.ufpr.br\/portarias\/wp-json\/wp\/v2\/tags?post=159789"}],"curies":[{"name":"wp","href":"https:\/\/api.w.org\/{rel}","templated":true}]}}