{"id":159890,"date":"2012-03-19T10:05:00","date_gmt":"2012-03-19T13:05:00","guid":{"rendered":"http:\/\/progepe.ufpr.br\/portarias\/progepe-2012-13699\/"},"modified":"2023-08-03T11:35:59","modified_gmt":"2023-08-03T14:35:59","slug":"progepe-2012-13699","status":"publish","type":"post","link":"https:\/\/progepe.ufpr.br\/portarias\/progepe-2012-13699\/","title":{"rendered":"PORTARIA N\u00ba 13699\/PROGEPE, DE 19 DE MAR\u00c7O DE 2012"},"content":{"rendered":"\n<p>A Pr\u00f3-Reitora de Gest\u00e3o de Pessoas da Universidade Federal do Paran\u00e1, no uso de suas atribui\u00e7\u00f5es, tendo em vista a compet\u00eancia que lhe \u00e9 conferida pela Portaria n\u00ba 2.590, de 26 de setembro de 1997 e ainda o contido no  processo n\u00ba 104173\/2011- 99,<\/p>\n\n\n<p><strong>RESOLVE:<\/strong><\/p>\n\n\n<p>Designar os servidores MIRIAN MLENEK &#8211; 124427, Assistente em Administra\u00e7\u00e3o, lotada na Coordena\u00e7\u00e3o do Curso de Ci\u00eancias Sociais do Setor de Ci\u00eancias Humanas, Letras e Artes; EDNA SANTOS BAHRY &#8211; 89532, Auxiliar de Enfermagem, lotada no Hospital de Cl\u00ednicas; e, CARLOS ANDRE BAIRROS &#8211; 185507, T\u00e9cnico em Contabilidade, lotado no Hospital de Cl\u00ednicas; para, sob a presid\u00eancia do primeiro, constitu\u00edrem Comiss\u00e3o de Sindic\u00e2ncia, com a finalidade de apurar ind\u00edcios de desaparecimento de documentos do processo de movimenta\u00e7\u00e3o funcional constante no processo n\u00ba 23075.101316\/2011-19, conforme relato no documento constante de fls. 1, 2 e 3, contido no processo protocolado sob o n\u00ba 23075.104173\/2011-99.<\/p><p><\/p>\n\n\n<div style=\"height:15px\" aria-hidden=\"true\" class=\"wp-block-spacer\"><\/div>\n\n\n<div class=\"wp-block-buttons is-content-justification-right is-layout-flex wp-container-core-buttons-is-layout-1 wp-block-buttons-is-layout-flex\">\n<div class=\"wp-block-button has-custom-font-size is-style-outline has-small-font-size is-style-outline--1\"><a class=\"wp-block-button__link\" href=\"https:\/\/progepe.ufpr.br\/portarias\/wp-content\/uploads\/pcp\/PROGEPE\/2012\/13699PR.pdf\" style=\"border-radius:0px\" target=\"_blank\" rel=\"noreferrer noopener\">Acesse o arquivo da portaria<\/a><\/div><\/div>\n","protected":false},"excerpt":{"rendered":"<p>Designar os servidores MIRIAN MLENEK &#8211; 124427, Assistente em Administra\u00e7\u00e3o, lotada na Coordena\u00e7\u00e3o do Curso de Ci\u00eancias Sociais do Setor de Ci\u00eancias Humanas, Letras e Artes; EDNA SANTOS BAHRY &#8211; 89532, Auxiliar de Enfermagem, lotada no Hospital de Cl\u00ednicas; e, CARLOS ANDRE BAIRROS &#8211; 185507, T\u00e9cnico em Contabilidade, lotado no Hospital de Cl\u00ednicas; para, sob a presid\u00eancia do primeiro, constitu\u00edrem Comiss\u00e3o de Sindic\u00e2ncia, com a finalidade de apurar ind\u00edcios de desaparecimento de documentos do processo de movimenta\u00e7\u00e3o funcional constante no processo n\u00ba 23075.101316\/2011-19, conforme relato no documento constante de fls. 1, 2 e 3, contido no processo protocolado<\/p>\n","protected":false},"author":41,"featured_media":0,"comment_status":"closed","ping_status":"closed","sticky":false,"template":"wp-custom-template-emissao-entre-01-05-2004-ate-30-06-2017","format":"standard","meta":{"_acf_changed":false,"iawp_total_views":0,"footnotes":""},"categories":[116],"tags":[124],"class_list":["post-159890","post","type-post","status-publish","format-standard","hentry","category-progepe","tag-comissao"],"acf":[],"_links":{"self":[{"href":"https:\/\/progepe.ufpr.br\/portarias\/wp-json\/wp\/v2\/posts\/159890","targetHints":{"allow":["GET"]}}],"collection":[{"href":"https:\/\/progepe.ufpr.br\/portarias\/wp-json\/wp\/v2\/posts"}],"about":[{"href":"https:\/\/progepe.ufpr.br\/portarias\/wp-json\/wp\/v2\/types\/post"}],"author":[{"embeddable":true,"href":"https:\/\/progepe.ufpr.br\/portarias\/wp-json\/wp\/v2\/users\/41"}],"replies":[{"embeddable":true,"href":"https:\/\/progepe.ufpr.br\/portarias\/wp-json\/wp\/v2\/comments?post=159890"}],"version-history":[{"count":1,"href":"https:\/\/progepe.ufpr.br\/portarias\/wp-json\/wp\/v2\/posts\/159890\/revisions"}],"predecessor-version":[{"id":199242,"href":"https:\/\/progepe.ufpr.br\/portarias\/wp-json\/wp\/v2\/posts\/159890\/revisions\/199242"}],"wp:attachment":[{"href":"https:\/\/progepe.ufpr.br\/portarias\/wp-json\/wp\/v2\/media?parent=159890"}],"wp:term":[{"taxonomy":"category","embeddable":true,"href":"https:\/\/progepe.ufpr.br\/portarias\/wp-json\/wp\/v2\/categories?post=159890"},{"taxonomy":"post_tag","embeddable":true,"href":"https:\/\/progepe.ufpr.br\/portarias\/wp-json\/wp\/v2\/tags?post=159890"}],"curies":[{"name":"wp","href":"https:\/\/api.w.org\/{rel}","templated":true}]}}