{"id":16068,"date":"2019-11-13T05:00:00","date_gmt":"2019-11-13T08:00:00","guid":{"rendered":"http:\/\/progepe.ufpr.br\/portal\/?post_type=portarias&#038;p=16068"},"modified":"2023-08-03T13:16:46","modified_gmt":"2023-08-03T16:16:46","slug":"rt-2019-01077","status":"publish","type":"post","link":"https:\/\/progepe.ufpr.br\/portarias\/rt-2019-01077\/","title":{"rendered":"PORTARIA N\u00ba 01077\/REITORIA, DE 08 DE NOVEMBRO DE 2019"},"content":{"rendered":"\n<p><strong>A\nVice-Reitora da Universidade Federal do Paran\u00e1, no exerc\u00edcio do cargo de\nReitora, <\/strong>no uso de suas atribui\u00e7\u00f5es, considerando o constante no Art. 91 da Lei\nn\u00ba 8.112\/90 e o que consta no processo n\u00ba 23075.063060\/2019-83,<\/p>\n\n\n\n<p>RESOLVE:<\/p>\n\n\n\n<p>Conceder licen\u00e7a para tratar de interesses particulares, sem remunera\u00e7\u00e3o,\nno per\u00edodo de 16 de fevereiro de 2020 a 15 de fevereiro de 2021, ao servidor DANIEL\nWEINGAERTNER &#8211; 3420164, ocupante do cargo de Professor\ndo Magist\u00e9rio Superior, lotado no Departamento de Inform\u00e1tica do Setor de\nCi\u00eancias Exatas.<\/p>\n\n\n\n<p style=\"text-align:right\">Graciela Ines\nBolzon de Muniz<\/p>\n","protected":false},"excerpt":{"rendered":"<p>Conceder licen\u00e7a para tratar de interesses particulares, sem remunera\u00e7\u00e3o, no per\u00edodo de 16 de fevereiro de 2020 a 15 de fevereiro de 2021, ao servidor DANIEL WEINGAERTNER &#8211; 3420164, ocupante do cargo de Professor do Magist\u00e9rio Superior, lotado no Departamento de Inform\u00e1tica do Setor de Ci\u00eancias Exatas.  <!-- wp:paragraph {\"align\":\"right\"} \n\n<p style=\"text-align:right\">Graciela Ines Bolzon de Muniz\n<\/p>\n","protected":false},"author":49,"featured_media":0,"comment_status":"closed","ping_status":"closed","sticky":false,"template":"","format":"standard","meta":{"_acf_changed":false,"iawp_total_views":0,"footnotes":""},"categories":[117],"tags":[123],"class_list":["post-16068","post","type-post","status-publish","format-standard","hentry","category-rt","tag-afastamento-licenca"],"acf":[],"_links":{"self":[{"href":"https:\/\/progepe.ufpr.br\/portarias\/wp-json\/wp\/v2\/posts\/16068","targetHints":{"allow":["GET"]}}],"collection":[{"href":"https:\/\/progepe.ufpr.br\/portarias\/wp-json\/wp\/v2\/posts"}],"about":[{"href":"https:\/\/progepe.ufpr.br\/portarias\/wp-json\/wp\/v2\/types\/post"}],"author":[{"embeddable":true,"href":"https:\/\/progepe.ufpr.br\/portarias\/wp-json\/wp\/v2\/users\/49"}],"replies":[{"embeddable":true,"href":"https:\/\/progepe.ufpr.br\/portarias\/wp-json\/wp\/v2\/comments?post=16068"}],"version-history":[{"count":1,"href":"https:\/\/progepe.ufpr.br\/portarias\/wp-json\/wp\/v2\/posts\/16068\/revisions"}],"predecessor-version":[{"id":191267,"href":"https:\/\/progepe.ufpr.br\/portarias\/wp-json\/wp\/v2\/posts\/16068\/revisions\/191267"}],"wp:attachment":[{"href":"https:\/\/progepe.ufpr.br\/portarias\/wp-json\/wp\/v2\/media?parent=16068"}],"wp:term":[{"taxonomy":"category","embeddable":true,"href":"https:\/\/progepe.ufpr.br\/portarias\/wp-json\/wp\/v2\/categories?post=16068"},{"taxonomy":"post_tag","embeddable":true,"href":"https:\/\/progepe.ufpr.br\/portarias\/wp-json\/wp\/v2\/tags?post=16068"}],"curies":[{"name":"wp","href":"https:\/\/api.w.org\/{rel}","templated":true}]}}