{"id":16074,"date":"2019-11-13T05:01:00","date_gmt":"2019-11-13T08:01:00","guid":{"rendered":"http:\/\/progepe.ufpr.br\/portal\/?post_type=portarias&#038;p=16074"},"modified":"2023-08-03T13:16:46","modified_gmt":"2023-08-03T16:16:46","slug":"rt-2019-01078","status":"publish","type":"post","link":"https:\/\/progepe.ufpr.br\/portarias\/rt-2019-01078\/","title":{"rendered":"PORTARIA N\u00ba 01078\/REITORIA, DE 08 DE NOVEMBRO DE 2019"},"content":{"rendered":"\n<p><strong>A\nVice-Reitora da Universidade Federal do Paran\u00e1, no exerc\u00edcio do cargo de\nReitora, <\/strong>no uso de suas atribui\u00e7\u00f5es e tendo em vista o que consta no processo n\u00ba\n23075.066152\/2018-34,<\/p>\n\n\n\n<p>RESOLVE:<\/p>\n\n\n\n<p>Alterar a jornada de\ntrabalho de 30 (trinta) horas semanais, para 40 (quarenta) horas semanais, com\nremunera\u00e7\u00e3o proporcional, do servidor RICARDO MODANHESE &#8211; 1751969, ocupante do\ncargo de Assistente em Administra\u00e7\u00e3o, lotado na Secretaria Acad\u00eamica da\nGradua\u00e7\u00e3o do Setor Palotina, a partir de 08 de novembro de 2019, tendo em vista\no que consta no Art. 5\u00ba, \u00a7 3\u00ba da Medida Provis\u00f3ria n\u00ba 2174-28, de 24 de agosto\nde 2001.<\/p>\n\n\n\n<p style=\"text-align:right\">Graciela Ines Bolzon de Muniz<\/p>\n","protected":false},"excerpt":{"rendered":"<p>Alterar a jornada de trabalho de 30 (trinta) horas semanais, para 40 (quarenta) horas semanais, com remunera\u00e7\u00e3o proporcional, do servidor RICARDO MODANHESE &#8211; 1751969, ocupante do cargo de Assistente em Administra\u00e7\u00e3o, lotado na Secretaria Acad\u00eamica da Gradua\u00e7\u00e3o do Setor Palotina, a partir de 08 de novembro de 2019, tendo em vista o que consta no Art. 5\u00ba, \u00a7 3\u00ba da Medida Provis\u00f3ria n\u00ba 2174-28, de 24 de agosto de 2001.  <!-- wp:paragraph {\"align\":\"right\"} \n\n<p style=\"text-align:right\">Graciela Ines Bolzon de Muniz\n<\/p>\n","protected":false},"author":49,"featured_media":0,"comment_status":"closed","ping_status":"closed","sticky":false,"template":"","format":"standard","meta":{"_acf_changed":false,"iawp_total_views":0,"footnotes":""},"categories":[117],"tags":[130],"class_list":["post-16074","post","type-post","status-publish","format-standard","hentry","category-rt","tag-regime-trabalho"],"acf":[],"_links":{"self":[{"href":"https:\/\/progepe.ufpr.br\/portarias\/wp-json\/wp\/v2\/posts\/16074","targetHints":{"allow":["GET"]}}],"collection":[{"href":"https:\/\/progepe.ufpr.br\/portarias\/wp-json\/wp\/v2\/posts"}],"about":[{"href":"https:\/\/progepe.ufpr.br\/portarias\/wp-json\/wp\/v2\/types\/post"}],"author":[{"embeddable":true,"href":"https:\/\/progepe.ufpr.br\/portarias\/wp-json\/wp\/v2\/users\/49"}],"replies":[{"embeddable":true,"href":"https:\/\/progepe.ufpr.br\/portarias\/wp-json\/wp\/v2\/comments?post=16074"}],"version-history":[{"count":1,"href":"https:\/\/progepe.ufpr.br\/portarias\/wp-json\/wp\/v2\/posts\/16074\/revisions"}],"predecessor-version":[{"id":191268,"href":"https:\/\/progepe.ufpr.br\/portarias\/wp-json\/wp\/v2\/posts\/16074\/revisions\/191268"}],"wp:attachment":[{"href":"https:\/\/progepe.ufpr.br\/portarias\/wp-json\/wp\/v2\/media?parent=16074"}],"wp:term":[{"taxonomy":"category","embeddable":true,"href":"https:\/\/progepe.ufpr.br\/portarias\/wp-json\/wp\/v2\/categories?post=16074"},{"taxonomy":"post_tag","embeddable":true,"href":"https:\/\/progepe.ufpr.br\/portarias\/wp-json\/wp\/v2\/tags?post=16074"}],"curies":[{"name":"wp","href":"https:\/\/api.w.org\/{rel}","templated":true}]}}