{"id":16080,"date":"2019-11-13T05:02:00","date_gmt":"2019-11-13T08:02:00","guid":{"rendered":"http:\/\/progepe.ufpr.br\/portal\/?post_type=portarias&#038;p=16080"},"modified":"2023-08-03T13:16:46","modified_gmt":"2023-08-03T16:16:46","slug":"rt-2019-01079","status":"publish","type":"post","link":"https:\/\/progepe.ufpr.br\/portarias\/rt-2019-01079\/","title":{"rendered":"PORTARIA N\u00ba 01079\/REITORIA, DE 08 DE NOVEMBRO DE 2019"},"content":{"rendered":"\n<p><strong>A\nVice-Reitora da Universidade Federal do Paran\u00e1, no exerc\u00edcio do cargo de\nReitora, <\/strong>no uso de suas atribui\u00e7\u00f5es, considerando o constante no Art. 91 da Lei\nn\u00ba 8.112\/90 e o que consta no processo n\u00ba 23075.073432\/2019-80,<\/p>\n\n\n\n<p>RESOLVE:<\/p>\n\n\n\n<p>Conceder licen\u00e7a para tratar de interesses particulares, sem remunera\u00e7\u00e3o,\nno per\u00edodo de 02 de dezembro de 2019 a 02 de dezembro de 2020, ao servidor JO\u00c3O\nRAFAEL DA COSTA MAGALH\u00c3ES &#8211; 2179027, ocupante do cargo de Assistente em Administra\u00e7\u00e3o, lotado na Ag\u00eancia\nUFPR Internacional.<\/p>\n\n\n\n<p style=\"text-align:right\">Graciela Ines\nBolzon de Muniz<\/p>\n","protected":false},"excerpt":{"rendered":"<p>Conceder licen\u00e7a para tratar de interesses particulares, sem remunera\u00e7\u00e3o, no per\u00edodo de 02 de dezembro de 2019 a 02 de dezembro de 2020, ao servidor JO\u00c3O RAFAEL DA COSTA MAGALH\u00c3ES &#8211; 2179027, ocupante do cargo de Assistente em Administra\u00e7\u00e3o, lotado na Ag\u00eancia UFPR Internacional.  <!-- wp:paragraph {\"align\":\"right\"} \n\n<p style=\"text-align:right\">Graciela Ines Bolzon de Muniz\n<\/p>\n","protected":false},"author":49,"featured_media":0,"comment_status":"closed","ping_status":"closed","sticky":false,"template":"","format":"standard","meta":{"_acf_changed":false,"iawp_total_views":0,"footnotes":""},"categories":[117],"tags":[123],"class_list":["post-16080","post","type-post","status-publish","format-standard","hentry","category-rt","tag-afastamento-licenca"],"acf":[],"_links":{"self":[{"href":"https:\/\/progepe.ufpr.br\/portarias\/wp-json\/wp\/v2\/posts\/16080","targetHints":{"allow":["GET"]}}],"collection":[{"href":"https:\/\/progepe.ufpr.br\/portarias\/wp-json\/wp\/v2\/posts"}],"about":[{"href":"https:\/\/progepe.ufpr.br\/portarias\/wp-json\/wp\/v2\/types\/post"}],"author":[{"embeddable":true,"href":"https:\/\/progepe.ufpr.br\/portarias\/wp-json\/wp\/v2\/users\/49"}],"replies":[{"embeddable":true,"href":"https:\/\/progepe.ufpr.br\/portarias\/wp-json\/wp\/v2\/comments?post=16080"}],"version-history":[{"count":1,"href":"https:\/\/progepe.ufpr.br\/portarias\/wp-json\/wp\/v2\/posts\/16080\/revisions"}],"predecessor-version":[{"id":191269,"href":"https:\/\/progepe.ufpr.br\/portarias\/wp-json\/wp\/v2\/posts\/16080\/revisions\/191269"}],"wp:attachment":[{"href":"https:\/\/progepe.ufpr.br\/portarias\/wp-json\/wp\/v2\/media?parent=16080"}],"wp:term":[{"taxonomy":"category","embeddable":true,"href":"https:\/\/progepe.ufpr.br\/portarias\/wp-json\/wp\/v2\/categories?post=16080"},{"taxonomy":"post_tag","embeddable":true,"href":"https:\/\/progepe.ufpr.br\/portarias\/wp-json\/wp\/v2\/tags?post=16080"}],"curies":[{"name":"wp","href":"https:\/\/api.w.org\/{rel}","templated":true}]}}