{"id":160842,"date":"2012-08-01T10:20:00","date_gmt":"2012-08-01T13:20:00","guid":{"rendered":"http:\/\/progepe.ufpr.br\/portarias\/progepe-2012-15699\/"},"modified":"2023-09-22T15:19:37","modified_gmt":"2023-09-22T18:19:37","slug":"progepe-2012-15699","status":"publish","type":"post","link":"https:\/\/progepe.ufpr.br\/portarias\/progepe-2012-15699\/","title":{"rendered":"PORTARIA N\u00ba 15699\/PROGEPE, DE 01 DE AGOSTO DE 2012"},"content":{"rendered":"\n<p style=\"padding-left:43%\">A Pr\u00f3-Reitora de Gest\u00e3o de Pessoas da Universidade Federal do Paran\u00e1, no uso de suas atribui\u00e7\u00f5es, tendo em vista a compet\u00eancia que lhe \u00e9 conferida pela Portaria n\u00ba 2.590, de 26 de setembro de 1997 e o contido no processo n\u00ba 029784\/2012-21,<\/p>\n\n\n\n<p style=\"padding-left:43%\"><strong>RESOLVE:<\/strong><\/p>\n\n\n\n<p>Exonerar, a partir de 12 de julho de 2012, a servidora CLAUDIA VANESSA CAVALHEIRO DOS SANTOS &#8211; 129402, CPF n\u00ba \u275a\u275a\u275a.\u275a\u275a\u275a.\u275a\u275a\u275a-\u275a\u275a, do cargo de confian\u00e7a de Chefe da Se\u00e7\u00e3o de Mecanografia, FG-05, do Setor de Ci\u00eancias Biol\u00f3gicas.<\/p>\n","protected":false},"excerpt":{"rendered":"<p>Exonerar, a partir de 12 de julho de 2012, a servidora CLAUDIA VANESSA CAVALHEIRO DOS SANTOS &#8211; 129402, CPF n\u00ba \u275a\u275a\u275a.\u275a\u275a\u275a.\u275a\u275a\u275a-\u275a\u275a, do cargo de confian\u00e7a de Chefe da Se\u00e7\u00e3o de Mecanografia, FG-05, do Setor de Ci\u00eancias Biol\u00f3gicas.<\/p>\n","protected":false},"author":41,"featured_media":0,"comment_status":"closed","ping_status":"closed","sticky":false,"template":"","format":"standard","meta":{"_acf_changed":false,"iawp_total_views":0,"footnotes":""},"categories":[116],"tags":[120],"class_list":["post-160842","post","type-post","status-publish","format-standard","hentry","category-progepe","tag-funcao"],"acf":[],"_links":{"self":[{"href":"https:\/\/progepe.ufpr.br\/portarias\/wp-json\/wp\/v2\/posts\/160842","targetHints":{"allow":["GET"]}}],"collection":[{"href":"https:\/\/progepe.ufpr.br\/portarias\/wp-json\/wp\/v2\/posts"}],"about":[{"href":"https:\/\/progepe.ufpr.br\/portarias\/wp-json\/wp\/v2\/types\/post"}],"author":[{"embeddable":true,"href":"https:\/\/progepe.ufpr.br\/portarias\/wp-json\/wp\/v2\/users\/41"}],"replies":[{"embeddable":true,"href":"https:\/\/progepe.ufpr.br\/portarias\/wp-json\/wp\/v2\/comments?post=160842"}],"version-history":[{"count":13,"href":"https:\/\/progepe.ufpr.br\/portarias\/wp-json\/wp\/v2\/posts\/160842\/revisions"}],"predecessor-version":[{"id":251900,"href":"https:\/\/progepe.ufpr.br\/portarias\/wp-json\/wp\/v2\/posts\/160842\/revisions\/251900"}],"wp:attachment":[{"href":"https:\/\/progepe.ufpr.br\/portarias\/wp-json\/wp\/v2\/media?parent=160842"}],"wp:term":[{"taxonomy":"category","embeddable":true,"href":"https:\/\/progepe.ufpr.br\/portarias\/wp-json\/wp\/v2\/categories?post=160842"},{"taxonomy":"post_tag","embeddable":true,"href":"https:\/\/progepe.ufpr.br\/portarias\/wp-json\/wp\/v2\/tags?post=160842"}],"curies":[{"name":"wp","href":"https:\/\/api.w.org\/{rel}","templated":true}]}}