{"id":160843,"date":"2012-08-01T10:21:00","date_gmt":"2012-08-01T13:21:00","guid":{"rendered":"http:\/\/progepe.ufpr.br\/portarias\/progepe-2012-15700\/"},"modified":"2023-09-22T15:19:02","modified_gmt":"2023-09-22T18:19:02","slug":"progepe-2012-15700","status":"publish","type":"post","link":"https:\/\/progepe.ufpr.br\/portarias\/progepe-2012-15700\/","title":{"rendered":"PORTARIA N\u00ba 15700\/PROGEPE, DE 01 DE AGOSTO DE 2012"},"content":{"rendered":"\n<p style=\"padding-left:43%\">A Pr\u00f3-Reitora de Gest\u00e3o de Pessoas da Universidade Federal do Paran\u00e1, no uso de suas atribui\u00e7\u00f5es, tendo em vista a compet\u00eancia que lhe \u00e9 conferida pela Portaria n\u00ba 2.590, de 26 de setembro de 1997, considerando o que consta no artigo 9\u00ba, inciso II da Lei n\u00ba 8.112\/90 e o contido no processo n\u00ba 029785\/2012-76,<\/p>\n\n\n\n<p style=\"padding-left:43%\"><strong>RESOLVE:<\/strong><\/p>\n\n\n\n<p>I. Nomear, a partir de 12 de julho de 2012, a servidora CLAUDIA VANESSA CAVALHEIRO DOS SANTOS &#8211; 129402, CPF n\u00ba \u275a\u275a\u275a.\u275a\u275a\u275a.\u275a\u275a\u275a-\u275a\u275a, Assistente em Administra\u00e7\u00e3o, para exercer o cargo de confian\u00e7a de Chefe da Divis\u00e3o de Apoio Administrativo, FG-03, do Setor de Ci\u00eancias Biol\u00f3gicas, autorizada pela Medida Provis\u00f3ria n\u00ba 1.534\/96, regulamentada pela Portaria Interministerial n\u00ba 1.407\/96-MEC\/MARE.<\/p>\n\n\n\n<p>II. Os efeitos financeiros desta nomea\u00e7\u00e3o ser\u00e3o efetivados a partir da data de publica\u00e7\u00e3o em DOU desta Portaria.<\/p>\n\n\n\n<p>III. A citada servidora cumprir\u00e1, obrigatoriamente, o regime de trabalho de tempo integral, de acordo com o disposto no \u00a7 5\u00ba, artigo 1\u00ba da Lei n\u00ba 8.168\/91.<\/p>\n","protected":false},"excerpt":{"rendered":"<p>I. Nomear, a partir de 12 de julho de 2012, a servidora CLAUDIA VANESSA CAVALHEIRO DOS SANTOS &#8211; 129402, CPF n\u00ba \u275a\u275a\u275a.\u275a\u275a\u275a.\u275a\u275a\u275a-\u275a\u275a, Assistente em Administra\u00e7\u00e3o, para exercer o cargo de confian\u00e7a de Chefe da Divis\u00e3o de Apoio Administrativo, FG-03, do Setor de Ci\u00eancias Biol\u00f3gicas, autorizada pela Medida Provis\u00f3ria n\u00ba 1.534\/96, regulamentada pela Portaria Interministerial n\u00ba 1.407\/96-MEC\/MARE.  II. Os efeitos financeiros desta nomea\u00e7\u00e3o ser\u00e3o efetivados a partir da data de publica\u00e7\u00e3o em DOU desta Portaria.  III. A citada servidora cumprir\u00e1, obrigatoriamente, o regime de trabalho de tempo integral, de acordo com o disposto no \u00a7 5\u00ba, artigo<\/p>\n","protected":false},"author":41,"featured_media":0,"comment_status":"closed","ping_status":"closed","sticky":false,"template":"","format":"standard","meta":{"_acf_changed":false,"iawp_total_views":0,"footnotes":""},"categories":[116],"tags":[120],"class_list":["post-160843","post","type-post","status-publish","format-standard","hentry","category-progepe","tag-funcao"],"acf":[],"_links":{"self":[{"href":"https:\/\/progepe.ufpr.br\/portarias\/wp-json\/wp\/v2\/posts\/160843","targetHints":{"allow":["GET"]}}],"collection":[{"href":"https:\/\/progepe.ufpr.br\/portarias\/wp-json\/wp\/v2\/posts"}],"about":[{"href":"https:\/\/progepe.ufpr.br\/portarias\/wp-json\/wp\/v2\/types\/post"}],"author":[{"embeddable":true,"href":"https:\/\/progepe.ufpr.br\/portarias\/wp-json\/wp\/v2\/users\/41"}],"replies":[{"embeddable":true,"href":"https:\/\/progepe.ufpr.br\/portarias\/wp-json\/wp\/v2\/comments?post=160843"}],"version-history":[{"count":14,"href":"https:\/\/progepe.ufpr.br\/portarias\/wp-json\/wp\/v2\/posts\/160843\/revisions"}],"predecessor-version":[{"id":251899,"href":"https:\/\/progepe.ufpr.br\/portarias\/wp-json\/wp\/v2\/posts\/160843\/revisions\/251899"}],"wp:attachment":[{"href":"https:\/\/progepe.ufpr.br\/portarias\/wp-json\/wp\/v2\/media?parent=160843"}],"wp:term":[{"taxonomy":"category","embeddable":true,"href":"https:\/\/progepe.ufpr.br\/portarias\/wp-json\/wp\/v2\/categories?post=160843"},{"taxonomy":"post_tag","embeddable":true,"href":"https:\/\/progepe.ufpr.br\/portarias\/wp-json\/wp\/v2\/tags?post=160843"}],"curies":[{"name":"wp","href":"https:\/\/api.w.org\/{rel}","templated":true}]}}