{"id":16092,"date":"2019-11-13T05:04:00","date_gmt":"2019-11-13T08:04:00","guid":{"rendered":"http:\/\/progepe.ufpr.br\/portal\/?post_type=portarias&#038;p=16092"},"modified":"2024-10-22T16:29:51","modified_gmt":"2024-10-22T19:29:51","slug":"rt-2019-01081","status":"publish","type":"post","link":"https:\/\/progepe.ufpr.br\/portarias\/rt-2019-01081\/","title":{"rendered":"PORTARIA N\u00ba 01081\/REITORIA, DE 08 DE NOVEMBRO DE 2019"},"content":{"rendered":"\n<p style=\"padding-left:43%\">A Vice-Reitora da Universidade Federal do Paran\u00e1, no exerc\u00edcio do cargo de Reitora, no uso de suas atribui\u00e7\u00f5es e tendo em vista o que consta no processo n\u00ba 23075.078028\/2019-01,<\/p>\n\n\n\n<p style=\"padding-left:43%\"><strong>RESOLVE:<\/strong><\/p>\n\n\n\n<p>Alterar a jornada de trabalho de 40 (quarenta) horas semanais, para 30 (vinte) horas semanais, com remunera\u00e7\u00e3o proporcional, da servidora MARY ANNE MURASKI NOWAK &#8211; 1865268, ocupante do cargo de Administradora, lotada no Departamento de Economia do Setor de Ci\u00eancias Sociais Aplicadas, a partir de 01 de janeiro de 2020, tendo em vista o que consta no Art. 5\u00ba da Medida Provis\u00f3ria n\u00ba 2.174-28, de 24 de agosto de 2001.<\/p>\n","protected":false},"excerpt":{"rendered":"<p>Alterar a jornada de trabalho de 40 (quarenta) horas semanais, para 30 (vinte) horas semanais, com remunera\u00e7\u00e3o proporcional, da servidora MARY ANNE MURASKI NOWAK &#8211; 1865268, ocupante do cargo de Administradora, lotada no Departamento de Economia do Setor de Ci\u00eancias Sociais Aplicadas, a partir de 01 de janeiro de 2020, tendo em vista o que consta no Art. 5\u00ba da Medida Provis\u00f3ria n\u00ba 2.174-28, de 24 de agosto de 2001.<\/p>\n","protected":false},"author":49,"featured_media":0,"comment_status":"closed","ping_status":"closed","sticky":false,"template":"","format":"standard","meta":{"_acf_changed":false,"iawp_total_views":0,"footnotes":""},"categories":[117],"tags":[130],"class_list":["post-16092","post","type-post","status-publish","format-standard","hentry","category-rt","tag-regime-trabalho"],"acf":[],"_links":{"self":[{"href":"https:\/\/progepe.ufpr.br\/portarias\/wp-json\/wp\/v2\/posts\/16092","targetHints":{"allow":["GET"]}}],"collection":[{"href":"https:\/\/progepe.ufpr.br\/portarias\/wp-json\/wp\/v2\/posts"}],"about":[{"href":"https:\/\/progepe.ufpr.br\/portarias\/wp-json\/wp\/v2\/types\/post"}],"author":[{"embeddable":true,"href":"https:\/\/progepe.ufpr.br\/portarias\/wp-json\/wp\/v2\/users\/49"}],"replies":[{"embeddable":true,"href":"https:\/\/progepe.ufpr.br\/portarias\/wp-json\/wp\/v2\/comments?post=16092"}],"version-history":[{"count":2,"href":"https:\/\/progepe.ufpr.br\/portarias\/wp-json\/wp\/v2\/posts\/16092\/revisions"}],"predecessor-version":[{"id":258020,"href":"https:\/\/progepe.ufpr.br\/portarias\/wp-json\/wp\/v2\/posts\/16092\/revisions\/258020"}],"wp:attachment":[{"href":"https:\/\/progepe.ufpr.br\/portarias\/wp-json\/wp\/v2\/media?parent=16092"}],"wp:term":[{"taxonomy":"category","embeddable":true,"href":"https:\/\/progepe.ufpr.br\/portarias\/wp-json\/wp\/v2\/categories?post=16092"},{"taxonomy":"post_tag","embeddable":true,"href":"https:\/\/progepe.ufpr.br\/portarias\/wp-json\/wp\/v2\/tags?post=16092"}],"curies":[{"name":"wp","href":"https:\/\/api.w.org\/{rel}","templated":true}]}}