{"id":160941,"date":"2012-11-13T10:31:00","date_gmt":"2012-11-13T12:31:00","guid":{"rendered":"http:\/\/progepe.ufpr.br\/portarias\/progepe-2012-17290\/"},"modified":"2023-08-03T11:41:41","modified_gmt":"2023-08-03T14:41:41","slug":"progepe-2012-17290","status":"publish","type":"post","link":"https:\/\/progepe.ufpr.br\/portarias\/progepe-2012-17290\/","title":{"rendered":"PORTARIA N\u00ba 17290\/PROGEPE, DE 13 DE NOVEMBRO DE 2012"},"content":{"rendered":"\n<p>A Pr\u00f3-Reitora de Gest\u00e3o de Pessoas da Universidade Federal do Paran\u00e1, no uso de suas atribui\u00e7\u00f5es, tendo em vista a compet\u00eancia que lhe \u00e9 conferida pela Portaria n\u00ba 2.590, de 26 de setembro de 1997 e considerando o que consta no processo n\u00ba 041258\/2012-30,<\/p>\n\n\n<p><strong>RESOLVE:<\/strong><\/p>\n\n\n<p>Alterar a Portaria n\u00ba 6889\/PRHAE, de 23 de fevereiro de 2005, publicada no Di\u00e1rio Oficial da Uni\u00e3o de 24 de fevereiro de 2005, se\u00e7\u00e3o 2, p\u00e1g. 12, referente \u00e0 nomea\u00e7\u00e3o do servidor PAULO ROBERTO KRAINSKI \u2013 121940, no cargo de confian\u00e7a de Secret\u00e1rio Administrativo da Coordena\u00e7\u00e3o do Programa de P\u00f3s-Gradua\u00e7\u00e3o em Tecnologia de Alimentos, FG-05, do Setor de Tecnologia, para fazer constar que a partir de 28 de julho de 2011, a referida fun\u00e7\u00e3o passa a denominar-se Secret\u00e1rio Administrativo da Coordena\u00e7\u00e3o do Programa de P\u00f3s-Gradua\u00e7\u00e3o em Engenharia de Alimentos, conforme altera\u00e7\u00e3o do Programa aprovado atrav\u00e9s da Resolu\u00e7\u00e3o n\u00ba 25\/11 &#8211; COUN.<\/p><p><\/p>\n\n\n<div style=\"height:15px\" aria-hidden=\"true\" class=\"wp-block-spacer\"><\/div>\n\n\n<div class=\"wp-block-buttons is-content-justification-right is-layout-flex wp-container-core-buttons-is-layout-1 wp-block-buttons-is-layout-flex\">\n<div class=\"wp-block-button has-custom-font-size is-style-outline has-small-font-size is-style-outline--1\"><a class=\"wp-block-button__link\" href=\"https:\/\/progepe.ufpr.br\/portarias\/wp-content\/uploads\/pcp\/PROGEPE\/2012\/17290PR.pdf\" style=\"border-radius:0px\" target=\"_blank\" rel=\"noreferrer noopener\">Acesse o arquivo da portaria<\/a><\/div><\/div>\n","protected":false},"excerpt":{"rendered":"<p>Alterar a Portaria n\u00ba 6889\/PRHAE, de 23 de fevereiro de 2005, publicada no Di\u00e1rio Oficial da Uni\u00e3o de 24 de fevereiro de 2005, se\u00e7\u00e3o 2, p\u00e1g. 12, referente \u00e0 nomea\u00e7\u00e3o do servidor PAULO ROBERTO KRAINSKI \u2013 121940, no cargo de confian\u00e7a de Secret\u00e1rio Administrativo da Coordena\u00e7\u00e3o do Programa de P\u00f3s-Gradua\u00e7\u00e3o em Tecnologia de Alimentos, FG-05, do Setor de Tecnologia, para fazer constar que a partir de 28 de julho de 2011, a referida fun\u00e7\u00e3o passa a denominar-se Secret\u00e1rio Administrativo da Coordena\u00e7\u00e3o do Programa de P\u00f3s-Gradua\u00e7\u00e3o em Engenharia de Alimentos, conforme altera\u00e7\u00e3o do Programa aprovado atrav\u00e9s da Resolu\u00e7\u00e3o n\u00ba<\/p>\n","protected":false},"author":41,"featured_media":0,"comment_status":"closed","ping_status":"closed","sticky":false,"template":"wp-custom-template-emissao-entre-01-05-2004-ate-30-06-2017","format":"standard","meta":{"_acf_changed":false,"iawp_total_views":0,"footnotes":""},"categories":[116],"tags":[120],"class_list":["post-160941","post","type-post","status-publish","format-standard","hentry","category-progepe","tag-funcao"],"acf":[],"_links":{"self":[{"href":"https:\/\/progepe.ufpr.br\/portarias\/wp-json\/wp\/v2\/posts\/160941","targetHints":{"allow":["GET"]}}],"collection":[{"href":"https:\/\/progepe.ufpr.br\/portarias\/wp-json\/wp\/v2\/posts"}],"about":[{"href":"https:\/\/progepe.ufpr.br\/portarias\/wp-json\/wp\/v2\/types\/post"}],"author":[{"embeddable":true,"href":"https:\/\/progepe.ufpr.br\/portarias\/wp-json\/wp\/v2\/users\/41"}],"replies":[{"embeddable":true,"href":"https:\/\/progepe.ufpr.br\/portarias\/wp-json\/wp\/v2\/comments?post=160941"}],"version-history":[{"count":1,"href":"https:\/\/progepe.ufpr.br\/portarias\/wp-json\/wp\/v2\/posts\/160941\/revisions"}],"predecessor-version":[{"id":200293,"href":"https:\/\/progepe.ufpr.br\/portarias\/wp-json\/wp\/v2\/posts\/160941\/revisions\/200293"}],"wp:attachment":[{"href":"https:\/\/progepe.ufpr.br\/portarias\/wp-json\/wp\/v2\/media?parent=160941"}],"wp:term":[{"taxonomy":"category","embeddable":true,"href":"https:\/\/progepe.ufpr.br\/portarias\/wp-json\/wp\/v2\/categories?post=160941"},{"taxonomy":"post_tag","embeddable":true,"href":"https:\/\/progepe.ufpr.br\/portarias\/wp-json\/wp\/v2\/tags?post=160941"}],"curies":[{"name":"wp","href":"https:\/\/api.w.org\/{rel}","templated":true}]}}