{"id":16098,"date":"2019-11-13T05:08:00","date_gmt":"2019-11-13T08:08:00","guid":{"rendered":"http:\/\/progepe.ufpr.br\/portal\/?post_type=portarias&#038;p=16098"},"modified":"2023-08-03T13:16:47","modified_gmt":"2023-08-03T16:16:47","slug":"rt-2019-01089","status":"publish","type":"post","link":"https:\/\/progepe.ufpr.br\/portarias\/rt-2019-01089\/","title":{"rendered":"PORTARIA N\u00ba 01089\/REITORIA, DE 12 DE NOVEMBRO DE 2019"},"content":{"rendered":"\n<p><strong>O Reitor da Universidade Federal\ndo Paran\u00e1, <\/strong>no uso de suas\natribui\u00e7\u00f5es e tendo em vista o que consta no processo n\u00ba 23075.071073\/2018-45,<\/p>\n\n\n\n<p> RESOLVE:<\/p>\n\n\n\n<p>I. Designar os servidores abaixo relacionados, para comporem a Comiss\u00e3o de Tomada de Contas 2019, destinada \u00e0 realiza\u00e7\u00e3o do invent\u00e1rio de todos os materiais de consumo recebidos no Gabinete do Reitor:<\/p>\n\n\n\n<figure class=\"wp-block-table\"><table><tbody><tr><td>\n  <strong>Presidente:<\/strong>\n  <\/td><td>\n  JONAS JORGE DOS SANTOS NETTO &#8211;\n  1983922\n  <\/td><td>\n  Ramal 5344\n  <\/td><td>\n  jonasjorge@ufpr.br\n  <\/td><\/tr><tr><td>\n  <strong>Membros:<\/strong>\n  <\/td><td>\n  CINTIA DO ROCIO BASSO &#8211; 2324500\n  <\/td><td>\n  Ramal 5010\n  <\/td><td>\n  mvgs@ufpr.br\n  <\/td><\/tr><tr><td>\n  &nbsp;\n  <\/td><td>\n  VERA LUCIA MARTINS DA CONCEI\u00c7\u00c3O &#8211;\n  3144042\n  <\/td><td>\n  Ramal 3888-7779\n  <\/td><td>\n  vera.martins@ufpr.br\n  <\/td><\/tr><tr><td>\n  <strong>Respons\u00e1vel pela Gest\u00e3o de<\/strong>\n  <strong>Materiais de Consumo:<\/strong>\n  <\/td><td>\n  VILSON MAERCIO KAISER &#8211; 3220596\n  <\/td><td>\n  Ramal 5027\n  <\/td><td>\n  vilsonkaiser@ufpr.br\n  <\/td><\/tr><\/tbody><\/table><\/figure>\n\n\n\n<p>II. Esta Portaria cessa os efeitos da Portaria n\u00ba 646\/REITORIA, de 30 de novembro de 2018.<\/p>\n","protected":false},"excerpt":{"rendered":"<p>O Reitor da Universidade Federal do Paran\u00e1, no uso de suas atribui\u00e7\u00f5es e tendo em vista o que consta no processo n\u00ba 23075.071073\/2018-45, RESOLVE: I. Designar os servidores abaixo relacionados, para comporem a Comiss\u00e3o de Tomada de Contas 2019, destinada \u00e0 realiza\u00e7\u00e3o do invent\u00e1rio de todos os materiais de consumo recebidos no Gabinete do Reitor: [&hellip;]<\/p>\n","protected":false},"author":49,"featured_media":0,"comment_status":"closed","ping_status":"open","sticky":false,"template":"","format":"standard","meta":{"_acf_changed":false,"iawp_total_views":0,"footnotes":""},"categories":[117],"tags":[124],"class_list":["post-16098","post","type-post","status-publish","format-standard","hentry","category-rt","tag-comissao"],"acf":[],"_links":{"self":[{"href":"https:\/\/progepe.ufpr.br\/portarias\/wp-json\/wp\/v2\/posts\/16098","targetHints":{"allow":["GET"]}}],"collection":[{"href":"https:\/\/progepe.ufpr.br\/portarias\/wp-json\/wp\/v2\/posts"}],"about":[{"href":"https:\/\/progepe.ufpr.br\/portarias\/wp-json\/wp\/v2\/types\/post"}],"author":[{"embeddable":true,"href":"https:\/\/progepe.ufpr.br\/portarias\/wp-json\/wp\/v2\/users\/49"}],"replies":[{"embeddable":true,"href":"https:\/\/progepe.ufpr.br\/portarias\/wp-json\/wp\/v2\/comments?post=16098"}],"version-history":[{"count":5,"href":"https:\/\/progepe.ufpr.br\/portarias\/wp-json\/wp\/v2\/posts\/16098\/revisions"}],"predecessor-version":[{"id":124819,"href":"https:\/\/progepe.ufpr.br\/portarias\/wp-json\/wp\/v2\/posts\/16098\/revisions\/124819"}],"wp:attachment":[{"href":"https:\/\/progepe.ufpr.br\/portarias\/wp-json\/wp\/v2\/media?parent=16098"}],"wp:term":[{"taxonomy":"category","embeddable":true,"href":"https:\/\/progepe.ufpr.br\/portarias\/wp-json\/wp\/v2\/categories?post=16098"},{"taxonomy":"post_tag","embeddable":true,"href":"https:\/\/progepe.ufpr.br\/portarias\/wp-json\/wp\/v2\/tags?post=16098"}],"curies":[{"name":"wp","href":"https:\/\/api.w.org\/{rel}","templated":true}]}}