{"id":16122,"date":"2019-11-13T05:06:00","date_gmt":"2019-11-13T08:06:00","guid":{"rendered":"http:\/\/progepe.ufpr.br\/portal\/?post_type=portarias&#038;p=16122"},"modified":"2023-08-03T13:16:47","modified_gmt":"2023-08-03T16:16:47","slug":"rt-2019-01083","status":"publish","type":"post","link":"https:\/\/progepe.ufpr.br\/portarias\/rt-2019-01083\/","title":{"rendered":"PORTARIA N\u00ba 01083\/REITORIA, DE 08 DE NOVEMBRO DE 2019"},"content":{"rendered":"\n<p><strong>A Vice-Reitora da Universidade Federal do Paran\u00e1, no exerc\u00edcio do cargo\nde Reitora, <\/strong>no uso de suas atribui\u00e7\u00f5es e tendo em vista o que consta\nno processo n\u00ba 23075.072728\/2018-01,<\/p>\n\n\n\n<p>RESOLVE:<\/p>\n\n\n\n<p>Conceder\njornada flexibilizada, tendo em vista o que consta na Portaria n\u00ba 643\/REITORIA,\nde 26 de novembro de 2018, retificada pela Portaria n\u00ba 692\/REITORIA, de 17 de\ndezembro de 2018, por 01 (um) ano, a partir de 06 de novembro de 2019, ao\nservidor OSNI RIBEIRO LEITE &#8211; 341894, ocupante do cargo de Assistente em Administra\u00e7\u00e3o,\nlotado no Departamento de Direito P\u00fablico do Setor de Ci\u00eancias Jur\u00eddicas.<\/p>\n\n\n\n<p style=\"text-align:right\">Graciela\nInes Bolzon de Muniz<\/p>\n","protected":false},"excerpt":{"rendered":"<p>Conceder jornada flexibilizada, tendo em vista o que consta na Portaria n\u00ba 643\/REITORIA, de 26 de novembro de 2018, retificada pela Portaria n\u00ba 692\/REITORIA, de 17 de dezembro de 2018, por 01 (um) ano, a partir de 06 de novembro de 2019, ao servidor OSNI RIBEIRO LEITE &#8211; 341894, ocupante do cargo de Assistente em Administra\u00e7\u00e3o, lotado no Departamento de Direito P\u00fablico do Setor de Ci\u00eancias Jur\u00eddicas.  <!-- wp:paragraph {\"align\":\"right\"} \n\n<p style=\"text-align:right\">Graciela Ines Bolzon de Muniz\n<\/p>\n","protected":false},"author":49,"featured_media":0,"comment_status":"closed","ping_status":"closed","sticky":false,"template":"","format":"standard","meta":{"_acf_changed":false,"iawp_total_views":0,"footnotes":""},"categories":[117],"tags":[133],"class_list":["post-16122","post","type-post","status-publish","format-standard","hentry","category-rt","tag-jornada-flexibilizada"],"acf":[],"_links":{"self":[{"href":"https:\/\/progepe.ufpr.br\/portarias\/wp-json\/wp\/v2\/posts\/16122","targetHints":{"allow":["GET"]}}],"collection":[{"href":"https:\/\/progepe.ufpr.br\/portarias\/wp-json\/wp\/v2\/posts"}],"about":[{"href":"https:\/\/progepe.ufpr.br\/portarias\/wp-json\/wp\/v2\/types\/post"}],"author":[{"embeddable":true,"href":"https:\/\/progepe.ufpr.br\/portarias\/wp-json\/wp\/v2\/users\/49"}],"replies":[{"embeddable":true,"href":"https:\/\/progepe.ufpr.br\/portarias\/wp-json\/wp\/v2\/comments?post=16122"}],"version-history":[{"count":1,"href":"https:\/\/progepe.ufpr.br\/portarias\/wp-json\/wp\/v2\/posts\/16122\/revisions"}],"predecessor-version":[{"id":191273,"href":"https:\/\/progepe.ufpr.br\/portarias\/wp-json\/wp\/v2\/posts\/16122\/revisions\/191273"}],"wp:attachment":[{"href":"https:\/\/progepe.ufpr.br\/portarias\/wp-json\/wp\/v2\/media?parent=16122"}],"wp:term":[{"taxonomy":"category","embeddable":true,"href":"https:\/\/progepe.ufpr.br\/portarias\/wp-json\/wp\/v2\/categories?post=16122"},{"taxonomy":"post_tag","embeddable":true,"href":"https:\/\/progepe.ufpr.br\/portarias\/wp-json\/wp\/v2\/tags?post=16122"}],"curies":[{"name":"wp","href":"https:\/\/api.w.org\/{rel}","templated":true}]}}