{"id":161230,"date":"2012-05-16T10:25:00","date_gmt":"2012-05-16T13:25:00","guid":{"rendered":"http:\/\/progepe.ufpr.br\/portarias\/progepe-2012-14462\/"},"modified":"2023-08-03T11:37:10","modified_gmt":"2023-08-03T14:37:10","slug":"progepe-2012-14462","status":"publish","type":"post","link":"https:\/\/progepe.ufpr.br\/portarias\/progepe-2012-14462\/","title":{"rendered":"PORTARIA N\u00ba 14462\/PROGEPE, DE 16 DE MAIO DE 2012"},"content":{"rendered":"\n<p>A Pr\u00f3-Reitora de Gest\u00e3o de Pessoas da Universidade Federal do Paran\u00e1, no uso de suas atribui\u00e7\u00f5es, tendo em vista a compet\u00eancia que lhe \u00e9 conferida pela Portaria n\u00ba 2.590, de 26 de setembro de 1997, de acordo com os Artigos 11 e 12 da Lei n\u00ba 11.091\/05; os Anexos II e III do Decreto n\u00ba 5.824\/06 e o Anexo XV da Lei n\u00ba 11.784\/08; e, o que consta no processo n\u00ba 008657\/2012-99,<\/p>\n\n\n<p><strong>RESOLVE:<\/strong><\/p>\n\n\n<p>Conceder o Incentivo \u00e0 Qualifica\u00e7\u00e3o no percentual de 52 (cinquenta e dois) por cento, a partir de 08 de mar\u00e7o de 2012, \u00e0 servidora ROBERTA APARECIDA NEVES GRANITO \u2013 203058, ocupante do cargo de Administrador, lotada no Gabinete do Diretor do Setor de Ci\u00eancias da Sa\u00fade, tendo em vista ter apresentado Diploma de Mestre em Administra\u00e7\u00e3o de Organiza\u00e7\u00f5es, emitido pela Universidade de S\u00e3o Paulo.<\/p><p><\/p>\n\n\n<div style=\"height:15px\" aria-hidden=\"true\" class=\"wp-block-spacer\"><\/div>\n\n\n<div class=\"wp-block-buttons is-content-justification-right is-layout-flex wp-container-core-buttons-is-layout-1 wp-block-buttons-is-layout-flex\">\n<div class=\"wp-block-button has-custom-font-size is-style-outline has-small-font-size is-style-outline--1\"><a class=\"wp-block-button__link\" href=\"https:\/\/progepe.ufpr.br\/portarias\/wp-content\/uploads\/pcp\/PROGEPE\/2012\/14462PR.pdf\" style=\"border-radius:0px\" target=\"_blank\" rel=\"noreferrer noopener\">Acesse o arquivo da portaria<\/a><\/div><\/div>\n","protected":false},"excerpt":{"rendered":"<p>Conceder o Incentivo \u00e0 Qualifica\u00e7\u00e3o no percentual de 52 (cinquenta e dois) por cento, a partir de 08 de mar\u00e7o de 2012, \u00e0 servidora ROBERTA APARECIDA NEVES GRANITO \u2013 203058, ocupante do cargo de Administrador, lotada no Gabinete do Diretor do Setor de Ci\u00eancias da Sa\u00fade, tendo em vista ter apresentado Diploma de Mestre em Administra\u00e7\u00e3o de Organiza\u00e7\u00f5es, emitido pela Universidade de S\u00e3o Paulo.  {&#8220;height&#8221;:&#8221;15px&#8221;} <\/p>\n<div style=\"height:15px\" aria-hidden=\"true\" class=\"wp-block-spacer\"> <!-- \/wp:spacer  {\"layout\":{\"type\":\"flex\",\"justifyContent\":\"right\"}} \n\n<div class=\"wp-block-buttons\"><!-- wp:button {\"style\":{\"border\":{\"radius\":\"0px\"}},\"className\":\"is-style-outline\",\"fontSize\":\"small\"} \n\n<div class=\"wp-block-button has-custom-font-size is-style-outline has-small-font-size\"><a class=\"wp-block-button__link\" href=\"https:\/\/progepe.ufpr.br\/portarias\/wp-content\/uploads\/pcp\/PROGEPE\/2012\/14462PR.pdf\" style=\"border-radius:0px\" target=\"_blank\" rel=\"noreferrer noopener\">Acesse o arquivo da portaria<\/a><!-- \/\n<\/p>\n","protected":false},"author":41,"featured_media":0,"comment_status":"closed","ping_status":"closed","sticky":false,"template":"wp-custom-template-emissao-entre-01-05-2004-ate-30-06-2017","format":"standard","meta":{"_acf_changed":false,"iawp_total_views":0,"footnotes":""},"categories":[116],"tags":[142],"class_list":["post-161230","post","type-post","status-publish","format-standard","hentry","category-progepe","tag-incentivo-qualificacao"],"acf":[],"_links":{"self":[{"href":"https:\/\/progepe.ufpr.br\/portarias\/wp-json\/wp\/v2\/posts\/161230","targetHints":{"allow":["GET"]}}],"collection":[{"href":"https:\/\/progepe.ufpr.br\/portarias\/wp-json\/wp\/v2\/posts"}],"about":[{"href":"https:\/\/progepe.ufpr.br\/portarias\/wp-json\/wp\/v2\/types\/post"}],"author":[{"embeddable":true,"href":"https:\/\/progepe.ufpr.br\/portarias\/wp-json\/wp\/v2\/users\/41"}],"replies":[{"embeddable":true,"href":"https:\/\/progepe.ufpr.br\/portarias\/wp-json\/wp\/v2\/comments?post=161230"}],"version-history":[{"count":1,"href":"https:\/\/progepe.ufpr.br\/portarias\/wp-json\/wp\/v2\/posts\/161230\/revisions"}],"predecessor-version":[{"id":200582,"href":"https:\/\/progepe.ufpr.br\/portarias\/wp-json\/wp\/v2\/posts\/161230\/revisions\/200582"}],"wp:attachment":[{"href":"https:\/\/progepe.ufpr.br\/portarias\/wp-json\/wp\/v2\/media?parent=161230"}],"wp:term":[{"taxonomy":"category","embeddable":true,"href":"https:\/\/progepe.ufpr.br\/portarias\/wp-json\/wp\/v2\/categories?post=161230"},{"taxonomy":"post_tag","embeddable":true,"href":"https:\/\/progepe.ufpr.br\/portarias\/wp-json\/wp\/v2\/tags?post=161230"}],"curies":[{"name":"wp","href":"https:\/\/api.w.org\/{rel}","templated":true}]}}