{"id":162055,"date":"2012-05-25T10:21:00","date_gmt":"2012-05-25T13:21:00","guid":{"rendered":"http:\/\/progepe.ufpr.br\/portarias\/progepe-2012-14655\/"},"modified":"2023-08-03T11:37:29","modified_gmt":"2023-08-03T14:37:29","slug":"progepe-2012-14655","status":"publish","type":"post","link":"https:\/\/progepe.ufpr.br\/portarias\/progepe-2012-14655\/","title":{"rendered":"PORTARIA N\u00ba 14655\/PROGEPE, DE 25 DE MAIO DE 2012"},"content":{"rendered":"\n<p>A Pr\u00f3-Reitora de Gest\u00e3o de Pessoas da Universidade Federal do Paran\u00e1, no uso de suas atribui\u00e7\u00f5es, tendo em vista a compet\u00eancia que lhe \u00e9 conferida pela Portaria n\u00ba 2.590, de 26 de setembro de 1997 e considerando o contido no processo n\u00ba 021844\/2012-68,<\/p>\n\n\n<p><strong>RESOLVE:<\/strong><\/p>\n\n\n<p>Conceder benef\u00edcio de pens\u00e3o vital\u00edcia, a partir de 18 de maio de 2012, data do falecimento de RONALD WALTER BECKER &#8211; 018392, nos termos do Art. 217, Inciso I, al\u00ednea a da Lei n\u00ba 8.112\/90, \u00e0 c\u00f4njuge SHIRLEY BECKER, calculado com base nos proventos percebidos pelo ex-servidor, na categoria funcional de Professor de 3\u00ba Grau, classe Titular, com Doutorado, em regime de dedica\u00e7\u00e3o exclusiva, na forma preceituada no \u00a7 7\u00ba e \u00a7 18 do Art. 40 da E. C. n\u00ba 41\/2003 c\/c Art. 2\u00ba da Lei n\u00ba 10.887\/2004.<\/p><p><\/p>\n\n\n<div style=\"height:15px\" aria-hidden=\"true\" class=\"wp-block-spacer\"><\/div>\n\n\n<div class=\"wp-block-buttons is-content-justification-right is-layout-flex wp-container-core-buttons-is-layout-1 wp-block-buttons-is-layout-flex\">\n<div class=\"wp-block-button has-custom-font-size is-style-outline has-small-font-size is-style-outline--1\"><a class=\"wp-block-button__link\" href=\"https:\/\/progepe.ufpr.br\/portarias\/wp-content\/uploads\/pcp\/PROGEPE\/2012\/14655PR.pdf\" style=\"border-radius:0px\" target=\"_blank\" rel=\"noreferrer noopener\">Acesse o arquivo da portaria<\/a><\/div><\/div>\n","protected":false},"excerpt":{"rendered":"<p>Conceder benef\u00edcio de pens\u00e3o vital\u00edcia, a partir de 18 de maio de 2012, data do falecimento de RONALD WALTER BECKER &#8211; 018392, nos termos do Art. 217, Inciso I, al\u00ednea a da Lei n\u00ba 8.112\/90, \u00e0 c\u00f4njuge SHIRLEY BECKER, calculado com base nos proventos percebidos pelo ex-servidor, na categoria funcional de Professor de 3\u00ba Grau, classe Titular, com Doutorado, em regime de dedica\u00e7\u00e3o exclusiva, na forma preceituada no \u00a7 7\u00ba e \u00a7 18 do Art. 40 da E. C. n\u00ba 41\/2003 c\/c Art. 2\u00ba da Lei n\u00ba 10.887\/2004.  {&#8220;height&#8221;:&#8221;15px&#8221;} <\/p>\n<div style=\"height:15px\" aria-hidden=\"true\" class=\"wp-block-spacer\"> <!-- \/wp:spacer  {\"layout\":{\"type\":\"flex\",\"justifyContent\":\"right\"}}\n<\/p>\n","protected":false},"author":41,"featured_media":0,"comment_status":"closed","ping_status":"closed","sticky":false,"template":"wp-custom-template-emissao-entre-01-05-2004-ate-30-06-2017","format":"standard","meta":{"_acf_changed":false,"iawp_total_views":0,"footnotes":""},"categories":[116],"tags":[145],"class_list":["post-162055","post","type-post","status-publish","format-standard","hentry","category-progepe","tag-pensao"],"acf":[],"_links":{"self":[{"href":"https:\/\/progepe.ufpr.br\/portarias\/wp-json\/wp\/v2\/posts\/162055","targetHints":{"allow":["GET"]}}],"collection":[{"href":"https:\/\/progepe.ufpr.br\/portarias\/wp-json\/wp\/v2\/posts"}],"about":[{"href":"https:\/\/progepe.ufpr.br\/portarias\/wp-json\/wp\/v2\/types\/post"}],"author":[{"embeddable":true,"href":"https:\/\/progepe.ufpr.br\/portarias\/wp-json\/wp\/v2\/users\/41"}],"replies":[{"embeddable":true,"href":"https:\/\/progepe.ufpr.br\/portarias\/wp-json\/wp\/v2\/comments?post=162055"}],"version-history":[{"count":1,"href":"https:\/\/progepe.ufpr.br\/portarias\/wp-json\/wp\/v2\/posts\/162055\/revisions"}],"predecessor-version":[{"id":201407,"href":"https:\/\/progepe.ufpr.br\/portarias\/wp-json\/wp\/v2\/posts\/162055\/revisions\/201407"}],"wp:attachment":[{"href":"https:\/\/progepe.ufpr.br\/portarias\/wp-json\/wp\/v2\/media?parent=162055"}],"wp:term":[{"taxonomy":"category","embeddable":true,"href":"https:\/\/progepe.ufpr.br\/portarias\/wp-json\/wp\/v2\/categories?post=162055"},{"taxonomy":"post_tag","embeddable":true,"href":"https:\/\/progepe.ufpr.br\/portarias\/wp-json\/wp\/v2\/tags?post=162055"}],"curies":[{"name":"wp","href":"https:\/\/api.w.org\/{rel}","templated":true}]}}