{"id":163819,"date":"2011-01-25T05:00:00","date_gmt":"2011-01-25T07:00:00","guid":{"rendered":"http:\/\/progepe.ufpr.br\/portarias\/rt-2011-01387\/"},"modified":"2023-07-31T17:17:46","modified_gmt":"2023-07-31T20:17:46","slug":"rt-2011-01387","status":"publish","type":"post","link":"https:\/\/progepe.ufpr.br\/portarias\/rt-2011-01387\/","title":{"rendered":"PORTARIA N\u00ba 01387\/REITORIA, DE 25 DE JANEIRO DE 2011"},"content":{"rendered":"\n<p>O Vice-Reitor da Universidade Federal do Paran\u00e1, no exerc\u00edcio do cargo de Reitor, no uso de suas atribui\u00e7\u00f5es, tendo em vista o que consta no Art. 93 da Lei n\u00ba 8.112\/90 e ainda o contido processo n\u00ba 003937\/2010-26,<\/p>\n\n\n<p><strong>RESOLVE:<\/strong><\/p>\n\n\n<p>I. Autorizar a cess\u00e3o do Professor ADRIANO MASSUDA &#8211; 200453, classe Assistente, lotado no Departamento de Sa\u00fade Comunit\u00e1ria do Setor de Ci\u00eancias da Sa\u00fade, para o Minist\u00e9rio da Sa\u00fade, a fim de exercer o cargo comissionado de Assessor Especial do Ministro, DAS 102.5, a partir de 03 de janeiro de 2011 at\u00e9 02 de fevereiro de 2012, com \u00f4nus para a Universidade Federal do Paran\u00e1.<\/p><p> II. Manter o referido docente em folha de pagamento da Institui\u00e7\u00e3o, por tratar-se de cess\u00e3o para \u00f3rg\u00e3o dos Poderes da Uni\u00e3o.<\/p><p> III. Fica sob a responsabilidade do Minist\u00e9rio da Sa\u00fade, o encaminhamento da freq\u00fc\u00eancia do citado docente, at\u00e9 o 5\u00ba (quinto) dia \u00fatil de cada m\u00eas junto a esta Institui\u00e7\u00e3o.<\/p><p><\/p>\n\n\n<div style=\"height:15px\" aria-hidden=\"true\" class=\"wp-block-spacer\"><\/div>\n\n\n<div class=\"wp-block-buttons is-content-justification-right is-layout-flex wp-container-core-buttons-is-layout-1 wp-block-buttons-is-layout-flex\">\n<div class=\"wp-block-button has-custom-font-size is-style-outline has-small-font-size is-style-outline--1\"><a class=\"wp-block-button__link\" href=\"https:\/\/progepe.ufpr.br\/portarias\/wp-content\/uploads\/pcp\/RT\/2011\/1387R.pdf\" style=\"border-radius:0px\" target=\"_blank\" rel=\"noreferrer noopener\">Acesse o arquivo da portaria<\/a><\/div><\/div>\n","protected":false},"excerpt":{"rendered":"<p>I. Autorizar a cess\u00e3o do Professor ADRIANO MASSUDA &#8211; 200453, classe Assistente, lotado no Departamento de Sa\u00fade Comunit\u00e1ria do Setor de Ci\u00eancias da Sa\u00fade, para o Minist\u00e9rio da Sa\u00fade, a fim de exercer o cargo comissionado de Assessor Especial do Ministro, DAS 102.5, a partir de 03 de janeiro de 2011 at\u00e9 02 de fevereiro de 2012, com \u00f4nus para a Universidade Federal do Paran\u00e1. II. Manter o referido docente em folha de pagamento da Institui\u00e7\u00e3o, por tratar-se de cess\u00e3o para \u00f3rg\u00e3o dos Poderes da Uni\u00e3o. III. Fica sob a responsabilidade do Minist\u00e9rio da Sa\u00fade, o encaminhamento da<\/p>\n","protected":false},"author":41,"featured_media":0,"comment_status":"closed","ping_status":"closed","sticky":false,"template":"wp-custom-template-emissao-entre-01-05-2004-ate-30-06-2017","format":"standard","meta":{"_acf_changed":false,"iawp_total_views":0,"footnotes":""},"categories":[117],"tags":[127],"class_list":["post-163819","post","type-post","status-publish","format-standard","hentry","category-rt","tag-cessao"],"acf":[],"_links":{"self":[{"href":"https:\/\/progepe.ufpr.br\/portarias\/wp-json\/wp\/v2\/posts\/163819","targetHints":{"allow":["GET"]}}],"collection":[{"href":"https:\/\/progepe.ufpr.br\/portarias\/wp-json\/wp\/v2\/posts"}],"about":[{"href":"https:\/\/progepe.ufpr.br\/portarias\/wp-json\/wp\/v2\/types\/post"}],"author":[{"embeddable":true,"href":"https:\/\/progepe.ufpr.br\/portarias\/wp-json\/wp\/v2\/users\/41"}],"replies":[{"embeddable":true,"href":"https:\/\/progepe.ufpr.br\/portarias\/wp-json\/wp\/v2\/comments?post=163819"}],"version-history":[{"count":1,"href":"https:\/\/progepe.ufpr.br\/portarias\/wp-json\/wp\/v2\/posts\/163819\/revisions"}],"predecessor-version":[{"id":203170,"href":"https:\/\/progepe.ufpr.br\/portarias\/wp-json\/wp\/v2\/posts\/163819\/revisions\/203170"}],"wp:attachment":[{"href":"https:\/\/progepe.ufpr.br\/portarias\/wp-json\/wp\/v2\/media?parent=163819"}],"wp:term":[{"taxonomy":"category","embeddable":true,"href":"https:\/\/progepe.ufpr.br\/portarias\/wp-json\/wp\/v2\/categories?post=163819"},{"taxonomy":"post_tag","embeddable":true,"href":"https:\/\/progepe.ufpr.br\/portarias\/wp-json\/wp\/v2\/tags?post=163819"}],"curies":[{"name":"wp","href":"https:\/\/api.w.org\/{rel}","templated":true}]}}