{"id":163828,"date":"2011-11-22T05:02:00","date_gmt":"2011-11-22T07:02:00","guid":{"rendered":"http:\/\/progepe.ufpr.br\/portarias\/rt-2011-01869\/"},"modified":"2023-08-03T13:05:42","modified_gmt":"2023-08-03T16:05:42","slug":"rt-2011-01869","status":"publish","type":"post","link":"https:\/\/progepe.ufpr.br\/portarias\/rt-2011-01869\/","title":{"rendered":"PORTARIA N\u00ba 01869\/REITORIA, DE 22 DE NOVEMBRO DE 2011"},"content":{"rendered":"\n<p>O Reitor da Universidade Federal do Paran\u00e1, no uso de suas atribui\u00e7\u00f5es e tendo em vista o que consta no processo n\u00ba 073046\/2011-31,<\/p>\n\n\n<p><strong>RESOLVE:<\/strong><\/p>\n\n\n<p>Alterar a Portaria n\u00ba 1.505\/REITOR, de 27 de abril de 2011, publicada no DOU de 05.05.2011, Se\u00e7\u00e3o 2, p\u00e1g. 19, referente \u00e0 cess\u00e3o do servidor JOSE ROBERTO BURGER &#8211; 189260, ocupante do cargo de Administrador, lotado no Setor Litoral, para o Instituto Federal do Paran\u00e1 &#8211; IFPR, para fazer constar que a data fim \u00e9 14 de junho de 2011, tendo em vista o que consta na Portaria n\u00ba 379, de 13 de junho de 2011, publicada no DOU de 15.06.2011, Se\u00e7\u00e3o 2, p\u00e1g. 22, emitida pelo citado Instituto.<\/p><p><\/p>\n\n\n<div style=\"height:15px\" aria-hidden=\"true\" class=\"wp-block-spacer\"><\/div>\n\n\n<div class=\"wp-block-buttons is-content-justification-right is-layout-flex wp-container-core-buttons-is-layout-1 wp-block-buttons-is-layout-flex\">\n<div class=\"wp-block-button has-custom-font-size is-style-outline has-small-font-size is-style-outline--1\"><a class=\"wp-block-button__link\" href=\"https:\/\/progepe.ufpr.br\/portarias\/wp-content\/uploads\/pcp\/RT\/2011\/1869R.pdf\" style=\"border-radius:0px\" target=\"_blank\" rel=\"noreferrer noopener\">Acesse o arquivo da portaria<\/a><\/div><\/div>\n","protected":false},"excerpt":{"rendered":"<p>Alterar a Portaria n\u00ba 1.505\/REITOR, de 27 de abril de 2011, publicada no DOU de 05.05.2011, Se\u00e7\u00e3o 2, p\u00e1g. 19, referente \u00e0 cess\u00e3o do servidor JOSE ROBERTO BURGER &#8211; 189260, ocupante do cargo de Administrador, lotado no Setor Litoral, para o Instituto Federal do Paran\u00e1 &#8211; IFPR, para fazer constar que a data fim \u00e9 14 de junho de 2011, tendo em vista o que consta na Portaria n\u00ba 379, de 13 de junho de 2011, publicada no DOU de 15.06.2011, Se\u00e7\u00e3o 2, p\u00e1g. 22, emitida pelo citado Instituto.  {&#8220;height&#8221;:&#8221;15px&#8221;} <\/p>\n<div style=\"height:15px\" aria-hidden=\"true\" class=\"wp-block-spacer\"> <!-- \/wp:spacer\n<\/p>\n","protected":false},"author":41,"featured_media":0,"comment_status":"closed","ping_status":"closed","sticky":false,"template":"wp-custom-template-emissao-entre-01-05-2004-ate-30-06-2017","format":"standard","meta":{"_acf_changed":false,"iawp_total_views":0,"footnotes":""},"categories":[117],"tags":[127],"class_list":["post-163828","post","type-post","status-publish","format-standard","hentry","category-rt","tag-cessao"],"acf":[],"_links":{"self":[{"href":"https:\/\/progepe.ufpr.br\/portarias\/wp-json\/wp\/v2\/posts\/163828","targetHints":{"allow":["GET"]}}],"collection":[{"href":"https:\/\/progepe.ufpr.br\/portarias\/wp-json\/wp\/v2\/posts"}],"about":[{"href":"https:\/\/progepe.ufpr.br\/portarias\/wp-json\/wp\/v2\/types\/post"}],"author":[{"embeddable":true,"href":"https:\/\/progepe.ufpr.br\/portarias\/wp-json\/wp\/v2\/users\/41"}],"replies":[{"embeddable":true,"href":"https:\/\/progepe.ufpr.br\/portarias\/wp-json\/wp\/v2\/comments?post=163828"}],"version-history":[{"count":1,"href":"https:\/\/progepe.ufpr.br\/portarias\/wp-json\/wp\/v2\/posts\/163828\/revisions"}],"predecessor-version":[{"id":203179,"href":"https:\/\/progepe.ufpr.br\/portarias\/wp-json\/wp\/v2\/posts\/163828\/revisions\/203179"}],"wp:attachment":[{"href":"https:\/\/progepe.ufpr.br\/portarias\/wp-json\/wp\/v2\/media?parent=163828"}],"wp:term":[{"taxonomy":"category","embeddable":true,"href":"https:\/\/progepe.ufpr.br\/portarias\/wp-json\/wp\/v2\/categories?post=163828"},{"taxonomy":"post_tag","embeddable":true,"href":"https:\/\/progepe.ufpr.br\/portarias\/wp-json\/wp\/v2\/tags?post=163828"}],"curies":[{"name":"wp","href":"https:\/\/api.w.org\/{rel}","templated":true}]}}