{"id":163829,"date":"2011-11-22T05:04:00","date_gmt":"2011-11-22T07:04:00","guid":{"rendered":"http:\/\/progepe.ufpr.br\/portarias\/rt-2011-01871\/"},"modified":"2023-08-03T13:05:42","modified_gmt":"2023-08-03T16:05:42","slug":"rt-2011-01871","status":"publish","type":"post","link":"https:\/\/progepe.ufpr.br\/portarias\/rt-2011-01871\/","title":{"rendered":"PORTARIA N\u00ba 01871\/REITORIA, DE 22 DE NOVEMBRO DE 2011"},"content":{"rendered":"\n<p>O Reitor da Universidade Federal do Paran\u00e1, no uso de suas atribui\u00e7\u00f5es, tendo em vista o que consta no Art. 93 da Lei n\u00ba 8.112\/90 e o contido no processo n\u00ba 073046\/2011-31,<\/p>\n\n\n<p><strong>RESOLVE:<\/strong><\/p>\n\n\n<p>I. Autorizar a cess\u00e3o do servidor JOSE ROBERTO BURGER &#8211; 189260, ocupante do cargo de Administrador, lotado no Setor Litoral, para o Instituto Federal do Paran\u00e1 &#8211; IFPR, a fim de exercer a fun\u00e7\u00e3o de Coordenador de Suporte, FG-02, da Diretoria de Tecnologia da Informa\u00e7\u00e3o e Comunica\u00e7\u00e3o do citado Instituto, a partir de 26 de agosto de 2011 at\u00e9 25 de agosto de 2012, com \u00f4nus para a Universidade Federal do Paran\u00e1.<\/p><p> II. Manter o referido docente em folha de pagamento da Institui\u00e7\u00e3o, por tratar-se de cess\u00e3o para \u00f3rg\u00e3o dos Poderes da Uni\u00e3o.<\/p><p> III. Fica sob a responsabilidade do IFPR, o encaminhamento da freq\u00fc\u00eancia citado servidor, at\u00e9 o 5\uf0b0 (quinto) dia \u00fatil de cada m\u00eas junto a esta Institui\u00e7\u00e3o.<\/p><p><\/p>\n\n\n<div style=\"height:15px\" aria-hidden=\"true\" class=\"wp-block-spacer\"><\/div>\n\n\n<div class=\"wp-block-buttons is-content-justification-right is-layout-flex wp-container-core-buttons-is-layout-1 wp-block-buttons-is-layout-flex\">\n<div class=\"wp-block-button has-custom-font-size is-style-outline has-small-font-size is-style-outline--1\"><a class=\"wp-block-button__link\" href=\"https:\/\/progepe.ufpr.br\/portarias\/wp-content\/uploads\/pcp\/RT\/2011\/1871R.pdf\" style=\"border-radius:0px\" target=\"_blank\" rel=\"noreferrer noopener\">Acesse o arquivo da portaria<\/a><\/div><\/div>\n","protected":false},"excerpt":{"rendered":"<p>I. Autorizar a cess\u00e3o do servidor JOSE ROBERTO BURGER &#8211; 189260, ocupante do cargo de Administrador, lotado no Setor Litoral, para o Instituto Federal do Paran\u00e1 &#8211; IFPR, a fim de exercer a fun\u00e7\u00e3o de Coordenador de Suporte, FG-02, da Diretoria de Tecnologia da Informa\u00e7\u00e3o e Comunica\u00e7\u00e3o do citado Instituto, a partir de 26 de agosto de 2011 at\u00e9 25 de agosto de 2012, com \u00f4nus para a Universidade Federal do Paran\u00e1. II. Manter o referido docente em folha de pagamento da Institui\u00e7\u00e3o, por tratar-se de cess\u00e3o para \u00f3rg\u00e3o dos Poderes da Uni\u00e3o. III. Fica sob a responsabilidade<\/p>\n","protected":false},"author":41,"featured_media":0,"comment_status":"closed","ping_status":"closed","sticky":false,"template":"wp-custom-template-emissao-entre-01-05-2004-ate-30-06-2017","format":"standard","meta":{"_acf_changed":false,"iawp_total_views":0,"footnotes":""},"categories":[117],"tags":[127],"class_list":["post-163829","post","type-post","status-publish","format-standard","hentry","category-rt","tag-cessao"],"acf":[],"_links":{"self":[{"href":"https:\/\/progepe.ufpr.br\/portarias\/wp-json\/wp\/v2\/posts\/163829","targetHints":{"allow":["GET"]}}],"collection":[{"href":"https:\/\/progepe.ufpr.br\/portarias\/wp-json\/wp\/v2\/posts"}],"about":[{"href":"https:\/\/progepe.ufpr.br\/portarias\/wp-json\/wp\/v2\/types\/post"}],"author":[{"embeddable":true,"href":"https:\/\/progepe.ufpr.br\/portarias\/wp-json\/wp\/v2\/users\/41"}],"replies":[{"embeddable":true,"href":"https:\/\/progepe.ufpr.br\/portarias\/wp-json\/wp\/v2\/comments?post=163829"}],"version-history":[{"count":1,"href":"https:\/\/progepe.ufpr.br\/portarias\/wp-json\/wp\/v2\/posts\/163829\/revisions"}],"predecessor-version":[{"id":203180,"href":"https:\/\/progepe.ufpr.br\/portarias\/wp-json\/wp\/v2\/posts\/163829\/revisions\/203180"}],"wp:attachment":[{"href":"https:\/\/progepe.ufpr.br\/portarias\/wp-json\/wp\/v2\/media?parent=163829"}],"wp:term":[{"taxonomy":"category","embeddable":true,"href":"https:\/\/progepe.ufpr.br\/portarias\/wp-json\/wp\/v2\/categories?post=163829"},{"taxonomy":"post_tag","embeddable":true,"href":"https:\/\/progepe.ufpr.br\/portarias\/wp-json\/wp\/v2\/tags?post=163829"}],"curies":[{"name":"wp","href":"https:\/\/api.w.org\/{rel}","templated":true}]}}