{"id":163954,"date":"2011-04-25T05:00:00","date_gmt":"2011-04-25T08:00:00","guid":{"rendered":"http:\/\/progepe.ufpr.br\/portarias\/rt-2011-01501\/"},"modified":"2023-07-31T17:18:01","modified_gmt":"2023-07-31T20:18:01","slug":"rt-2011-01501","status":"publish","type":"post","link":"https:\/\/progepe.ufpr.br\/portarias\/rt-2011-01501\/","title":{"rendered":"PORTARIA N\u00ba 01501\/REITORIA, DE 25 DE ABRIL DE 2011"},"content":{"rendered":"\n<p>O Reitor da Universidade Federal do Paran\u00e1, no uso de suas atribui\u00e7\u00f5es, tendo em vista o que consta no processo n\u00ba 074867\/2011-94,<\/p>\n\n\n<p><strong>RESOLVE:<\/strong><\/p>\n\n\n<p>I. Designar, como membros representantes da UFPR na Comiss\u00e3o Universidade para os \u00cdndios \u2013 CUIA, os seguintes integrantes: \u25aa ANDREA CARVALHO MENDES DE OLIVEIRA CASTRO &#8211; 127809 \u25aa ANA ELISA DE CASTRO FREITAS \u2013 200894 \u25aa EDUARDO HARDER \u2013 188441 \u25aa LAURA CERETTA MOREIRA \u2013 144100 \u25aa MIGUEL ALFREDO CARID NAVEIRA \u2013 201064 \u25aa GENNIS MARTINS TIMOTEO \u2013 Discente \u25aa VALDIR BENITEZ &#8211; Discente II. Esta portaria cessa, a partir desta data, os efeitos da Portaria n\u00ba 901\/REITOR, de 26 de abril de 2010.<\/p><p><\/p>\n\n\n<div style=\"height:15px\" aria-hidden=\"true\" class=\"wp-block-spacer\"><\/div>\n\n\n<div class=\"wp-block-buttons is-content-justification-right is-layout-flex wp-container-core-buttons-is-layout-1 wp-block-buttons-is-layout-flex\">\n<div class=\"wp-block-button has-custom-font-size is-style-outline has-small-font-size is-style-outline--1\"><a class=\"wp-block-button__link\" href=\"https:\/\/progepe.ufpr.br\/portarias\/wp-content\/uploads\/pcp\/RT\/2011\/1501R.pdf\" style=\"border-radius:0px\" target=\"_blank\" rel=\"noreferrer noopener\">Acesse o arquivo da portaria<\/a><\/div><\/div>\n","protected":false},"excerpt":{"rendered":"<p>I. Designar, como membros representantes da UFPR na Comiss\u00e3o Universidade para os \u00cdndios \u2013 CUIA, os seguintes integrantes: \u25aa ANDREA CARVALHO MENDES DE OLIVEIRA CASTRO &#8211; 127809 \u25aa ANA ELISA DE CASTRO FREITAS \u2013 200894 \u25aa EDUARDO HARDER \u2013 188441 \u25aa LAURA CERETTA MOREIRA \u2013 144100 \u25aa MIGUEL ALFREDO CARID NAVEIRA \u2013 201064 \u25aa GENNIS MARTINS TIMOTEO \u2013 Discente \u25aa VALDIR BENITEZ &#8211; Discente II. Esta portaria cessa, a partir desta data, os efeitos da Portaria n\u00ba 901\/REITOR, de 26 de abril de 2010.  {&#8220;height&#8221;:&#8221;15px&#8221;} <\/p>\n<div style=\"height:15px\" aria-hidden=\"true\" class=\"wp-block-spacer\"> <!-- \/wp:spacer  {\"layout\":{\"type\":\"flex\",\"justifyContent\":\"right\"}} \n\n<div class=\"wp-block-buttons\"><!-- wp:button {\"style\":{\"border\":{\"radius\":\"0px\"}},\"className\":\"is-style-outline\",\"fontSize\":\"small\"}\n<\/p>\n","protected":false},"author":41,"featured_media":0,"comment_status":"closed","ping_status":"closed","sticky":false,"template":"wp-custom-template-emissao-entre-01-05-2004-ate-30-06-2017","format":"standard","meta":{"_acf_changed":false,"iawp_total_views":2,"footnotes":""},"categories":[117],"tags":[124],"class_list":["post-163954","post","type-post","status-publish","format-standard","hentry","category-rt","tag-comissao"],"acf":[],"_links":{"self":[{"href":"https:\/\/progepe.ufpr.br\/portarias\/wp-json\/wp\/v2\/posts\/163954","targetHints":{"allow":["GET"]}}],"collection":[{"href":"https:\/\/progepe.ufpr.br\/portarias\/wp-json\/wp\/v2\/posts"}],"about":[{"href":"https:\/\/progepe.ufpr.br\/portarias\/wp-json\/wp\/v2\/types\/post"}],"author":[{"embeddable":true,"href":"https:\/\/progepe.ufpr.br\/portarias\/wp-json\/wp\/v2\/users\/41"}],"replies":[{"embeddable":true,"href":"https:\/\/progepe.ufpr.br\/portarias\/wp-json\/wp\/v2\/comments?post=163954"}],"version-history":[{"count":1,"href":"https:\/\/progepe.ufpr.br\/portarias\/wp-json\/wp\/v2\/posts\/163954\/revisions"}],"predecessor-version":[{"id":203305,"href":"https:\/\/progepe.ufpr.br\/portarias\/wp-json\/wp\/v2\/posts\/163954\/revisions\/203305"}],"wp:attachment":[{"href":"https:\/\/progepe.ufpr.br\/portarias\/wp-json\/wp\/v2\/media?parent=163954"}],"wp:term":[{"taxonomy":"category","embeddable":true,"href":"https:\/\/progepe.ufpr.br\/portarias\/wp-json\/wp\/v2\/categories?post=163954"},{"taxonomy":"post_tag","embeddable":true,"href":"https:\/\/progepe.ufpr.br\/portarias\/wp-json\/wp\/v2\/tags?post=163954"}],"curies":[{"name":"wp","href":"https:\/\/api.w.org\/{rel}","templated":true}]}}