{"id":163984,"date":"2011-10-07T05:02:00","date_gmt":"2011-10-07T08:02:00","guid":{"rendered":"http:\/\/progepe.ufpr.br\/portarias\/rt-2011-01790\/"},"modified":"2023-08-03T13:05:34","modified_gmt":"2023-08-03T16:05:34","slug":"rt-2011-01790","status":"publish","type":"post","link":"https:\/\/progepe.ufpr.br\/portarias\/rt-2011-01790\/","title":{"rendered":"PORTARIA N\u00ba 01790\/REITORIA, DE 07 DE OUTUBRO DE 2011"},"content":{"rendered":"\n<p>O Reitor da Universidade Federal do Paran\u00e1, no uso de suas atribui\u00e7\u00f5es, tendo em vista o que consta no processo n\u00ba 100636\/2011-43 e considerando: Que a UFPR apresenta modifica\u00e7\u00f5es significativas no perfil de suas unidades, com amplia\u00e7\u00e3o da oferta de cursos e atividades did\u00e1ticas regulares em turnos cont\u00ednuos e, em especial, noturnos; Que a UFPR procura, dentro de sua fun\u00e7\u00e3o social, a melhoria constante da qualidade dos servi\u00e7os ofertados \u00e0 comunidade; Que o Decreto n\u00ba 4.836, de 09 de setembro de 2003, alterou a reda\u00e7\u00e3o do Art. 3\u00ba do Decreto n\u00ba 1.590, de 10 de agosto de 1995, que trata da jornada de trabalho dos servidores da Administra\u00e7\u00e3o direta, aut\u00e1rquica e fundacional p\u00fablica federal, possibilitando adequ\u00e1-las as realidades e necessidades nos servi\u00e7os ofertados a popula\u00e7\u00e3o;<\/p>\n\n\n<p><strong>RESOLVE:<\/strong><\/p>\n\n\n<p>Art. 1\u00ba &#8211; Constituir comiss\u00e3o para elaborar proposta de regulamenta\u00e7\u00e3o da jornada de 30 (trinta) horas para os servidores t\u00e9cnico-administrativos, com os seguintes membros: Zaki Akel Sobrinho (continua) mrw M I N I S T E R I O  D A  E D U C A \u00c7 \u00c3 O UNIVERSIDADE FEDERAL DO PARAN\u00c1 (continua\u00e7\u00e3o) PORTARIA N\u00ba 1790 , DE  07 DE  OUTUBRO  DE 2011.<\/p><p> Presidente: MARIA AMELIA SABBAG ZAINKO &#8211; 201205 PROGRAD Membros: DONIZETI ANTONIO GIUSTI &#8211; 069183  COUN MARCELO LUIZ CURADO &#8211; 158330  COUN ANA SOFIA CLIMACO MONTEIRO DE OLIVEIRA &#8211; COUN 115100 ENEIDA DESIREE SALGADO &#8211; 200122  COUN LUIZ CARLOS BAETA VIEIRA COUN &#8211; Comunidade Patronal LAURECI SCHMITZ RAUTH COUN &#8211; Comunidade dos Trabalhadores THIAGO DE SOUSA BAGATIN COUN &#8211; Discente PG JOSE OLIVIR DE FREITAS JUNIOR COUN &#8211; Discente G LANIA VIRGINIA BUSNELLO VAZ GARCIA &#8211; 109037  PROGEPE WILSON VENZEL MESSIAS &#8211; 078786  SINDITEST CARLA COBALCHINI SINDITEST \u00a7 1\u00ba &#8211; O prazo para elabora\u00e7\u00e3o da proposta a que se refere o caput deste artigo ser\u00e1 de 30 (trinta) dias.<\/p><p> \u00a7 2\u00ba &#8211; A proposta dever\u00e1 ser encaminhada ao Reitor para os devidos encaminhamentos.<\/p><p> (fim)<\/p><p><\/p>\n\n\n<div style=\"height:15px\" aria-hidden=\"true\" class=\"wp-block-spacer\"><\/div>\n\n\n<div class=\"wp-block-buttons is-content-justification-right is-layout-flex wp-container-core-buttons-is-layout-1 wp-block-buttons-is-layout-flex\">\n<div class=\"wp-block-button has-custom-font-size is-style-outline has-small-font-size is-style-outline--1\"><a class=\"wp-block-button__link\" href=\"https:\/\/progepe.ufpr.br\/portarias\/wp-content\/uploads\/pcp\/RT\/2011\/1790R.pdf\" style=\"border-radius:0px\" target=\"_blank\" rel=\"noreferrer noopener\">Acesse o arquivo da portaria<\/a><\/div><\/div>\n","protected":false},"excerpt":{"rendered":"<p>Art. 1\u00ba &#8211; Constituir comiss\u00e3o para elaborar proposta de regulamenta\u00e7\u00e3o da jornada de 30 (trinta) horas para os servidores t\u00e9cnico-administrativos, com os seguintes membros: Zaki Akel Sobrinho (continua) mrw M I N I S T E R I O D A E D U C A \u00c7 \u00c3 O UNIVERSIDADE FEDERAL DO PARAN\u00c1 (continua\u00e7\u00e3o) PORTARIA N\u00ba 1790 , DE 07 DE OUTUBRO DE 2011. Presidente: MARIA AMELIA SABBAG ZAINKO &#8211; 201205 PROGRAD Membros: DONIZETI ANTONIO GIUSTI &#8211; 069183 COUN MARCELO LUIZ CURADO &#8211; 158330 COUN ANA SOFIA CLIMACO MONTEIRO DE OLIVEIRA &#8211; COUN 115100 ENEIDA DESIREE SALGADO &#8211;<\/p>\n","protected":false},"author":41,"featured_media":0,"comment_status":"closed","ping_status":"closed","sticky":false,"template":"wp-custom-template-emissao-entre-01-05-2004-ate-30-06-2017","format":"standard","meta":{"_acf_changed":false,"iawp_total_views":0,"footnotes":""},"categories":[117],"tags":[124],"class_list":["post-163984","post","type-post","status-publish","format-standard","hentry","category-rt","tag-comissao"],"acf":[],"_links":{"self":[{"href":"https:\/\/progepe.ufpr.br\/portarias\/wp-json\/wp\/v2\/posts\/163984","targetHints":{"allow":["GET"]}}],"collection":[{"href":"https:\/\/progepe.ufpr.br\/portarias\/wp-json\/wp\/v2\/posts"}],"about":[{"href":"https:\/\/progepe.ufpr.br\/portarias\/wp-json\/wp\/v2\/types\/post"}],"author":[{"embeddable":true,"href":"https:\/\/progepe.ufpr.br\/portarias\/wp-json\/wp\/v2\/users\/41"}],"replies":[{"embeddable":true,"href":"https:\/\/progepe.ufpr.br\/portarias\/wp-json\/wp\/v2\/comments?post=163984"}],"version-history":[{"count":1,"href":"https:\/\/progepe.ufpr.br\/portarias\/wp-json\/wp\/v2\/posts\/163984\/revisions"}],"predecessor-version":[{"id":203335,"href":"https:\/\/progepe.ufpr.br\/portarias\/wp-json\/wp\/v2\/posts\/163984\/revisions\/203335"}],"wp:attachment":[{"href":"https:\/\/progepe.ufpr.br\/portarias\/wp-json\/wp\/v2\/media?parent=163984"}],"wp:term":[{"taxonomy":"category","embeddable":true,"href":"https:\/\/progepe.ufpr.br\/portarias\/wp-json\/wp\/v2\/categories?post=163984"},{"taxonomy":"post_tag","embeddable":true,"href":"https:\/\/progepe.ufpr.br\/portarias\/wp-json\/wp\/v2\/tags?post=163984"}],"curies":[{"name":"wp","href":"https:\/\/api.w.org\/{rel}","templated":true}]}}