{"id":163985,"date":"2011-10-07T05:03:00","date_gmt":"2011-10-07T08:03:00","guid":{"rendered":"http:\/\/progepe.ufpr.br\/portarias\/rt-2011-01791\/"},"modified":"2023-08-03T13:05:34","modified_gmt":"2023-08-03T16:05:34","slug":"rt-2011-01791","status":"publish","type":"post","link":"https:\/\/progepe.ufpr.br\/portarias\/rt-2011-01791\/","title":{"rendered":"PORTARIA N\u00ba 01791\/REITORIA, DE 07 DE OUTUBRO DE 2011"},"content":{"rendered":"\n<p>O Reitor da Universidade Federal do Paran\u00e1, no uso de suas atribui\u00e7\u00f5es, tendo em vista o que consta no processo n\u00ba 100637\/2011-98 e considerando: A expans\u00e3o do Campus Palotina; O aumento do n\u00famero de estudantes provenientes de outros munic\u00edpios matriculados no Campus Palotina; A inexist\u00eancia de moradias em n\u00famero suficiente \u00e0 necessidade desses estudantes; Que as moradias estudantis favorecem a perman\u00eancia dos estudantes nas IFES, com significativos impactos na redu\u00e7\u00e3o da taxa de evas\u00e3o dos cursos;<\/p>\n\n\n<p><strong>RESOLVE:<\/strong><\/p>\n\n\n<p>Constituir comiss\u00e3o de trabalho, para, no prazo de 60 (sessenta) dias, realizar diagn\u00f3stico e elaborar a proposta de Moradia Estudantil para o Campus Palotina da UFPR, com os seguintes membros: Presidente: RITA DE CASSIA LOPES &#8211; 076970 Membros: LUCI LENI DE OLIVEIRA SANTOS &#8211; 200663 VINICIUS CUNHA BARCELLOS &#8211; 159921 BRUNA GIMENES F. POGGERE &#8211; 202190 SELMAR BASSO TARCISIO LEANDRO SCHNEIDER CELSO FRAN\u00c7A DE ALMEIDA<\/p><p><\/p>\n\n\n<div style=\"height:15px\" aria-hidden=\"true\" class=\"wp-block-spacer\"><\/div>\n\n\n<div class=\"wp-block-buttons is-content-justification-right is-layout-flex wp-container-core-buttons-is-layout-1 wp-block-buttons-is-layout-flex\">\n<div class=\"wp-block-button has-custom-font-size is-style-outline has-small-font-size is-style-outline--1\"><a class=\"wp-block-button__link\" href=\"https:\/\/progepe.ufpr.br\/portarias\/wp-content\/uploads\/pcp\/RT\/2011\/1791R.pdf\" style=\"border-radius:0px\" target=\"_blank\" rel=\"noreferrer noopener\">Acesse o arquivo da portaria<\/a><\/div><\/div>\n","protected":false},"excerpt":{"rendered":"<p>Constituir comiss\u00e3o de trabalho, para, no prazo de 60 (sessenta) dias, realizar diagn\u00f3stico e elaborar a proposta de Moradia Estudantil para o Campus Palotina da UFPR, com os seguintes membros: Presidente: RITA DE CASSIA LOPES &#8211; 076970 Membros: LUCI LENI DE OLIVEIRA SANTOS &#8211; 200663 VINICIUS CUNHA BARCELLOS &#8211; 159921 BRUNA GIMENES F. POGGERE &#8211; 202190 SELMAR BASSO TARCISIO LEANDRO SCHNEIDER CELSO FRAN\u00c7A DE ALMEIDA  {&#8220;height&#8221;:&#8221;15px&#8221;} <\/p>\n<div style=\"height:15px\" aria-hidden=\"true\" class=\"wp-block-spacer\"> <!-- \/wp:spacer  {\"layout\":{\"type\":\"flex\",\"justifyContent\":\"right\"}} \n\n<div class=\"wp-block-buttons\"><!-- wp:button {\"style\":{\"border\":{\"radius\":\"0px\"}},\"className\":\"is-style-outline\",\"fontSize\":\"small\"} \n\n<div class=\"wp-block-button has-custom-font-size is-style-outline has-small-font-size\"><a class=\"wp-block-button__link\" href=\"https:\/\/progepe.ufpr.br\/portarias\/wp-content\/uploads\/pcp\/RT\/2011\/1791R.pdf\" style=\"border-radius:0px\" target=\"_blank\" rel=\"noreferrer noopener\">Acesse o arquivo da por\n<\/p>\n","protected":false},"author":41,"featured_media":0,"comment_status":"closed","ping_status":"closed","sticky":false,"template":"wp-custom-template-emissao-entre-01-05-2004-ate-30-06-2017","format":"standard","meta":{"_acf_changed":false,"iawp_total_views":0,"footnotes":""},"categories":[117],"tags":[124],"class_list":["post-163985","post","type-post","status-publish","format-standard","hentry","category-rt","tag-comissao"],"acf":[],"_links":{"self":[{"href":"https:\/\/progepe.ufpr.br\/portarias\/wp-json\/wp\/v2\/posts\/163985","targetHints":{"allow":["GET"]}}],"collection":[{"href":"https:\/\/progepe.ufpr.br\/portarias\/wp-json\/wp\/v2\/posts"}],"about":[{"href":"https:\/\/progepe.ufpr.br\/portarias\/wp-json\/wp\/v2\/types\/post"}],"author":[{"embeddable":true,"href":"https:\/\/progepe.ufpr.br\/portarias\/wp-json\/wp\/v2\/users\/41"}],"replies":[{"embeddable":true,"href":"https:\/\/progepe.ufpr.br\/portarias\/wp-json\/wp\/v2\/comments?post=163985"}],"version-history":[{"count":1,"href":"https:\/\/progepe.ufpr.br\/portarias\/wp-json\/wp\/v2\/posts\/163985\/revisions"}],"predecessor-version":[{"id":203336,"href":"https:\/\/progepe.ufpr.br\/portarias\/wp-json\/wp\/v2\/posts\/163985\/revisions\/203336"}],"wp:attachment":[{"href":"https:\/\/progepe.ufpr.br\/portarias\/wp-json\/wp\/v2\/media?parent=163985"}],"wp:term":[{"taxonomy":"category","embeddable":true,"href":"https:\/\/progepe.ufpr.br\/portarias\/wp-json\/wp\/v2\/categories?post=163985"},{"taxonomy":"post_tag","embeddable":true,"href":"https:\/\/progepe.ufpr.br\/portarias\/wp-json\/wp\/v2\/tags?post=163985"}],"curies":[{"name":"wp","href":"https:\/\/api.w.org\/{rel}","templated":true}]}}