{"id":163986,"date":"2011-10-07T05:04:00","date_gmt":"2011-10-07T08:04:00","guid":{"rendered":"http:\/\/progepe.ufpr.br\/portarias\/rt-2011-01792\/"},"modified":"2023-08-03T13:05:35","modified_gmt":"2023-08-03T16:05:35","slug":"rt-2011-01792","status":"publish","type":"post","link":"https:\/\/progepe.ufpr.br\/portarias\/rt-2011-01792\/","title":{"rendered":"PORTARIA N\u00ba 01792\/REITORIA, DE 07 DE OUTUBRO DE 2011"},"content":{"rendered":"\n<p>O Reitor da Universidade Federal do Paran\u00e1, no uso de suas atribui\u00e7\u00f5es, tendo em vista o que consta no processo n\u00ba 100641\/2011-56 e considerando: As especificidades e necessidades dos Projetos Pol\u00edtico-Pedag\u00f3gicos dos Cursos de Gradua\u00e7\u00e3o na UFPR; As atividades de P\u00f3s-Gradua\u00e7\u00e3o, Pesquisa e Extens\u00e3o e seus impactos nas atividades docentes; Os par\u00e2metros e pol\u00edticas previstas na Lei de Diretrizes e Bases da Educa\u00e7\u00e3o; As pol\u00edticas institucionais preconizadas no PDI, cujas discuss\u00f5es est\u00e3o em curso nesta UFPR; O Plano Nacional de Educa\u00e7\u00e3o, dec\u00eanio 2011-2020, em tramita\u00e7\u00e3o no Congresso Nacional; A necessidade de realiza\u00e7\u00e3o de amplo diagn\u00f3stico sobre a distribui\u00e7\u00e3o dos encargos did\u00e1ticos e seus impactos sobre a atividade docente, sobre os cursos de Gradua\u00e7\u00e3o e P\u00f3s-Gradua\u00e7\u00e3o, e sobre as atividades de pesquisa e extens\u00e3o;<\/p>\n\n\n<p><strong>RESOLVE:<\/strong><\/p>\n\n\n<p>Constituir comiss\u00e3o de trabalho, para, no prazo de 60 (sessenta) dias, elaborar estudos e proposta de revis\u00e3o da Resolu\u00e7\u00e3o 108\/00-CEPE e demais resolu\u00e7\u00f5es relacionadas, estabelecendo par\u00e2metros e limites de encargos did\u00e1ticos a serem dedicados por docente e por atividade, com os seguintes membros: Zaki Akel Sobrinho (continua) mrw M I N I S T E R I O  D A  E D U C A \u00c7 \u00c3 O UNIVERSIDADE FEDERAL DO PARAN\u00c1 (continua\u00e7\u00e3o) PORTARIA N\u00ba 1792 , DE 07  DE  OUTUBRO  DE 2011.<\/p><p> Presidente: SAVIO MARCELO LEITE MOREIRA DA SILVA &#8211; 125288 PROGRAD Membros: EDILSON SERGIO SILVEIRA &#8211; 158348  PRPPG GILBERTO DE CASTRO &#8211; 109150  PROEC JOSE ROBERTO CAVAZZANI &#8211; 201146  PROGEPE ROMULO DE SOUZA LEIT\u00c3O NETO &#8211; 108715 COPLAD GABRIELA CARAMURU TELES CEPE LUIS ALLAN KUNZLE &#8211; 183733  APUFPR ASTRID BAECKER AVILA &#8211; 162752  APUFPR (fim)<\/p><p><\/p>\n\n\n<div style=\"height:15px\" aria-hidden=\"true\" class=\"wp-block-spacer\"><\/div>\n\n\n<div class=\"wp-block-buttons is-content-justification-right is-layout-flex wp-container-core-buttons-is-layout-1 wp-block-buttons-is-layout-flex\">\n<div class=\"wp-block-button has-custom-font-size is-style-outline has-small-font-size is-style-outline--1\"><a class=\"wp-block-button__link\" href=\"https:\/\/progepe.ufpr.br\/portarias\/wp-content\/uploads\/pcp\/RT\/2011\/1792R.pdf\" style=\"border-radius:0px\" target=\"_blank\" rel=\"noreferrer noopener\">Acesse o arquivo da portaria<\/a><\/div><\/div>\n","protected":false},"excerpt":{"rendered":"<p>Constituir comiss\u00e3o de trabalho, para, no prazo de 60 (sessenta) dias, elaborar estudos e proposta de revis\u00e3o da Resolu\u00e7\u00e3o 108\/00-CEPE e demais resolu\u00e7\u00f5es relacionadas, estabelecendo par\u00e2metros e limites de encargos did\u00e1ticos a serem dedicados por docente e por atividade, com os seguintes membros: Zaki Akel Sobrinho (continua) mrw M I N I S T E R I O D A E D U C A \u00c7 \u00c3 O UNIVERSIDADE FEDERAL DO PARAN\u00c1 (continua\u00e7\u00e3o) PORTARIA N\u00ba 1792 , DE 07 DE OUTUBRO DE 2011. Presidente: SAVIO MARCELO LEITE MOREIRA DA SILVA &#8211; 125288 PROGRAD Membros: EDILSON SERGIO SILVEIRA &#8211;<\/p>\n","protected":false},"author":41,"featured_media":0,"comment_status":"closed","ping_status":"closed","sticky":false,"template":"wp-custom-template-emissao-entre-01-05-2004-ate-30-06-2017","format":"standard","meta":{"_acf_changed":false,"iawp_total_views":0,"footnotes":""},"categories":[117],"tags":[124],"class_list":["post-163986","post","type-post","status-publish","format-standard","hentry","category-rt","tag-comissao"],"acf":[],"_links":{"self":[{"href":"https:\/\/progepe.ufpr.br\/portarias\/wp-json\/wp\/v2\/posts\/163986","targetHints":{"allow":["GET"]}}],"collection":[{"href":"https:\/\/progepe.ufpr.br\/portarias\/wp-json\/wp\/v2\/posts"}],"about":[{"href":"https:\/\/progepe.ufpr.br\/portarias\/wp-json\/wp\/v2\/types\/post"}],"author":[{"embeddable":true,"href":"https:\/\/progepe.ufpr.br\/portarias\/wp-json\/wp\/v2\/users\/41"}],"replies":[{"embeddable":true,"href":"https:\/\/progepe.ufpr.br\/portarias\/wp-json\/wp\/v2\/comments?post=163986"}],"version-history":[{"count":1,"href":"https:\/\/progepe.ufpr.br\/portarias\/wp-json\/wp\/v2\/posts\/163986\/revisions"}],"predecessor-version":[{"id":203337,"href":"https:\/\/progepe.ufpr.br\/portarias\/wp-json\/wp\/v2\/posts\/163986\/revisions\/203337"}],"wp:attachment":[{"href":"https:\/\/progepe.ufpr.br\/portarias\/wp-json\/wp\/v2\/media?parent=163986"}],"wp:term":[{"taxonomy":"category","embeddable":true,"href":"https:\/\/progepe.ufpr.br\/portarias\/wp-json\/wp\/v2\/categories?post=163986"},{"taxonomy":"post_tag","embeddable":true,"href":"https:\/\/progepe.ufpr.br\/portarias\/wp-json\/wp\/v2\/tags?post=163986"}],"curies":[{"name":"wp","href":"https:\/\/api.w.org\/{rel}","templated":true}]}}