{"id":164239,"date":"2011-02-01T05:04:00","date_gmt":"2011-02-01T07:04:00","guid":{"rendered":"http:\/\/progepe.ufpr.br\/portarias\/rt-2011-01399\/"},"modified":"2023-08-03T13:04:57","modified_gmt":"2023-08-03T16:04:57","slug":"rt-2011-01399","status":"publish","type":"post","link":"https:\/\/progepe.ufpr.br\/portarias\/rt-2011-01399\/","title":{"rendered":"PORTARIA N\u00ba 01399\/REITORIA, DE 01 DE FEVEREIRO DE 2011"},"content":{"rendered":"\n<p>O Vice-Reitor da Universidade Federal do Paran\u00e1, no exerc\u00edcio do cargo de Reitor, no uso de suas atribui\u00e7\u00f5es, tendo em vista o que consta no Termo de Conv\u00eanio n\u00ba 10\/2008 e ainda o contido no processo n\u00ba 037599\/2010-49,<\/p>\n\n\n<p><strong>RESOLVE:<\/strong><\/p>\n\n\n<p>I. Autorizar que a servidora MARIA REGINA AMADEO GONGORA &#8211; 149250, ocupante do cargo de Nutricionista &#8211; Habilita\u00e7\u00e3o, com lota\u00e7\u00e3o tempor\u00e1ria na Coordenadoria de Desenvolvimento de Pessoas, atue, por for\u00e7a da Cl\u00e1usula Segunda, item II, do Termo de Conv\u00eanio n\u00ba 10\/2008, junto ao Hospital do Trabalhador, em atividades pertinentes ao seu cargo efetivo espec\u00edfico.<\/p><p> II. Fica sob a responsabilidade do Hospital do Trabalhador, o encaminhamento da freq\u00fc\u00eancia, da citada servidora, at\u00e9 o 5\uf0b0 (quinto) dia \u00fatil de cada m\u00eas junto a esta Institui\u00e7\u00e3o.<\/p><p> III. Esta Portaria entra em vigor a partir desta data, at\u00e9 31 de dezembro de 2011, podendo ser prorrogada no interesse das partes.<\/p><p><\/p>\n\n\n<div style=\"height:15px\" aria-hidden=\"true\" class=\"wp-block-spacer\"><\/div>\n\n\n<div class=\"wp-block-buttons is-content-justification-right is-layout-flex wp-container-core-buttons-is-layout-1 wp-block-buttons-is-layout-flex\">\n<div class=\"wp-block-button has-custom-font-size is-style-outline has-small-font-size is-style-outline--1\"><a class=\"wp-block-button__link\" href=\"https:\/\/progepe.ufpr.br\/portarias\/wp-content\/uploads\/pcp\/RT\/2011\/1399R.pdf\" style=\"border-radius:0px\" target=\"_blank\" rel=\"noreferrer noopener\">Acesse o arquivo da portaria<\/a><\/div><\/div>\n","protected":false},"excerpt":{"rendered":"<p>I. Autorizar que a servidora MARIA REGINA AMADEO GONGORA &#8211; 149250, ocupante do cargo de Nutricionista &#8211; Habilita\u00e7\u00e3o, com lota\u00e7\u00e3o tempor\u00e1ria na Coordenadoria de Desenvolvimento de Pessoas, atue, por for\u00e7a da Cl\u00e1usula Segunda, item II, do Termo de Conv\u00eanio n\u00ba 10\/2008, junto ao Hospital do Trabalhador, em atividades pertinentes ao seu cargo efetivo espec\u00edfico. II. Fica sob a responsabilidade do Hospital do Trabalhador, o encaminhamento da freq\u00fc\u00eancia, da citada servidora, at\u00e9 o 5\uf0b0 (quinto) dia \u00fatil de cada m\u00eas junto a esta Institui\u00e7\u00e3o. III. Esta Portaria entra em vigor a partir desta data, at\u00e9 31 de dezembro de<\/p>\n","protected":false},"author":41,"featured_media":0,"comment_status":"closed","ping_status":"closed","sticky":false,"template":"wp-custom-template-emissao-entre-01-05-2004-ate-30-06-2017","format":"standard","meta":{"_acf_changed":false,"iawp_total_views":0,"footnotes":""},"categories":[117],"tags":[119],"class_list":["post-164239","post","type-post","status-publish","format-standard","hentry","category-rt","tag-diversos"],"acf":[],"_links":{"self":[{"href":"https:\/\/progepe.ufpr.br\/portarias\/wp-json\/wp\/v2\/posts\/164239","targetHints":{"allow":["GET"]}}],"collection":[{"href":"https:\/\/progepe.ufpr.br\/portarias\/wp-json\/wp\/v2\/posts"}],"about":[{"href":"https:\/\/progepe.ufpr.br\/portarias\/wp-json\/wp\/v2\/types\/post"}],"author":[{"embeddable":true,"href":"https:\/\/progepe.ufpr.br\/portarias\/wp-json\/wp\/v2\/users\/41"}],"replies":[{"embeddable":true,"href":"https:\/\/progepe.ufpr.br\/portarias\/wp-json\/wp\/v2\/comments?post=164239"}],"version-history":[{"count":1,"href":"https:\/\/progepe.ufpr.br\/portarias\/wp-json\/wp\/v2\/posts\/164239\/revisions"}],"predecessor-version":[{"id":203590,"href":"https:\/\/progepe.ufpr.br\/portarias\/wp-json\/wp\/v2\/posts\/164239\/revisions\/203590"}],"wp:attachment":[{"href":"https:\/\/progepe.ufpr.br\/portarias\/wp-json\/wp\/v2\/media?parent=164239"}],"wp:term":[{"taxonomy":"category","embeddable":true,"href":"https:\/\/progepe.ufpr.br\/portarias\/wp-json\/wp\/v2\/categories?post=164239"},{"taxonomy":"post_tag","embeddable":true,"href":"https:\/\/progepe.ufpr.br\/portarias\/wp-json\/wp\/v2\/tags?post=164239"}],"curies":[{"name":"wp","href":"https:\/\/api.w.org\/{rel}","templated":true}]}}