{"id":164249,"date":"2011-11-11T05:05:00","date_gmt":"2011-11-11T07:05:00","guid":{"rendered":"http:\/\/progepe.ufpr.br\/portarias\/rt-2011-01859\/"},"modified":"2023-08-03T13:05:41","modified_gmt":"2023-08-03T16:05:41","slug":"rt-2011-01859","status":"publish","type":"post","link":"https:\/\/progepe.ufpr.br\/portarias\/rt-2011-01859\/","title":{"rendered":"PORTARIA N\u00ba 01859\/REITORIA, DE 11 DE NOVEMBRO DE 2011"},"content":{"rendered":"\n<p>O Reitor da Universidade Federal do Paran\u00e1, no uso de suas atribui\u00e7\u00f5es e tendo em vista o que consta no processo n\u00ba 105922\/2011-03,<\/p>\n\n\n<p><strong>RESOLVE:<\/strong><\/p>\n\n\n<p>I. Prorrogar, a partir de 01 de janeiro de 2012 at\u00e9 31 de dezembro de 2012, a autoriza\u00e7\u00e3o para que a servidora MARIA REGINA AMADEO GONGORA &#8211; 149250, ocupante do cargo de Nutricionista &#8211; Habilita\u00e7\u00e3o, lotada no Restaurante Universit\u00e1rio, atue, por for\u00e7a da Cl\u00e1usula Segunda, item II, do Termo de Conv\u00eanio n\u00ba 10\/2008, junto ao Hospital do Trabalhador, em atividades pertinentes ao seu cargo efetivo espec\u00edfico.<\/p><p> II. Fica sob a responsabilidade do Hospital do Trabalhador, o encaminhamento da freq\u00fc\u00eancia, da citada servidora, at\u00e9 o 5\uf0b0 (quinto) dia \u00fatil de cada m\u00eas junto a esta Institui\u00e7\u00e3o.<\/p><p><\/p>\n\n\n<div style=\"height:15px\" aria-hidden=\"true\" class=\"wp-block-spacer\"><\/div>\n\n\n<div class=\"wp-block-buttons is-content-justification-right is-layout-flex wp-container-core-buttons-is-layout-1 wp-block-buttons-is-layout-flex\">\n<div class=\"wp-block-button has-custom-font-size is-style-outline has-small-font-size is-style-outline--1\"><a class=\"wp-block-button__link\" href=\"https:\/\/progepe.ufpr.br\/portarias\/wp-content\/uploads\/pcp\/RT\/2011\/1859R.pdf\" style=\"border-radius:0px\" target=\"_blank\" rel=\"noreferrer noopener\">Acesse o arquivo da portaria<\/a><\/div><\/div>\n","protected":false},"excerpt":{"rendered":"<p>I. Prorrogar, a partir de 01 de janeiro de 2012 at\u00e9 31 de dezembro de 2012, a autoriza\u00e7\u00e3o para que a servidora MARIA REGINA AMADEO GONGORA &#8211; 149250, ocupante do cargo de Nutricionista &#8211; Habilita\u00e7\u00e3o, lotada no Restaurante Universit\u00e1rio, atue, por for\u00e7a da Cl\u00e1usula Segunda, item II, do Termo de Conv\u00eanio n\u00ba 10\/2008, junto ao Hospital do Trabalhador, em atividades pertinentes ao seu cargo efetivo espec\u00edfico. II. Fica sob a responsabilidade do Hospital do Trabalhador, o encaminhamento da freq\u00fc\u00eancia, da citada servidora, at\u00e9 o 5\uf0b0 (quinto) dia \u00fatil de cada m\u00eas junto a esta Institui\u00e7\u00e3o.  {&#8220;height&#8221;:&#8221;15px&#8221;} <\/p>\n<div \n\n","protected":false},"author":41,"featured_media":0,"comment_status":"closed","ping_status":"closed","sticky":false,"template":"wp-custom-template-emissao-entre-01-05-2004-ate-30-06-2017","format":"standard","meta":{"_acf_changed":false,"iawp_total_views":0,"footnotes":""},"categories":[117],"tags":[119],"class_list":["post-164249","post","type-post","status-publish","format-standard","hentry","category-rt","tag-diversos"],"acf":[],"_links":{"self":[{"href":"https:\/\/progepe.ufpr.br\/portarias\/wp-json\/wp\/v2\/posts\/164249","targetHints":{"allow":["GET"]}}],"collection":[{"href":"https:\/\/progepe.ufpr.br\/portarias\/wp-json\/wp\/v2\/posts"}],"about":[{"href":"https:\/\/progepe.ufpr.br\/portarias\/wp-json\/wp\/v2\/types\/post"}],"author":[{"embeddable":true,"href":"https:\/\/progepe.ufpr.br\/portarias\/wp-json\/wp\/v2\/users\/41"}],"replies":[{"embeddable":true,"href":"https:\/\/progepe.ufpr.br\/portarias\/wp-json\/wp\/v2\/comments?post=164249"}],"version-history":[{"count":1,"href":"https:\/\/progepe.ufpr.br\/portarias\/wp-json\/wp\/v2\/posts\/164249\/revisions"}],"predecessor-version":[{"id":203600,"href":"https:\/\/progepe.ufpr.br\/portarias\/wp-json\/wp\/v2\/posts\/164249\/revisions\/203600"}],"wp:attachment":[{"href":"https:\/\/progepe.ufpr.br\/portarias\/wp-json\/wp\/v2\/media?parent=164249"}],"wp:term":[{"taxonomy":"category","embeddable":true,"href":"https:\/\/progepe.ufpr.br\/portarias\/wp-json\/wp\/v2\/categories?post=164249"},{"taxonomy":"post_tag","embeddable":true,"href":"https:\/\/progepe.ufpr.br\/portarias\/wp-json\/wp\/v2\/tags?post=164249"}],"curies":[{"name":"wp","href":"https:\/\/api.w.org\/{rel}","templated":true}]}}