{"id":164294,"date":"2011-08-15T05:04:00","date_gmt":"2011-08-15T08:04:00","guid":{"rendered":"http:\/\/progepe.ufpr.br\/portarias\/rt-2011-01693\/"},"modified":"2023-08-03T13:05:25","modified_gmt":"2023-08-03T16:05:25","slug":"rt-2011-01693","status":"publish","type":"post","link":"https:\/\/progepe.ufpr.br\/portarias\/rt-2011-01693\/","title":{"rendered":"PORTARIA N\u00ba 01693\/REITORIA, DE 15 DE AGOSTO DE 2011"},"content":{"rendered":"\n<p>O Reitor da Universidade Federal do Paran\u00e1, no uso de suas atribui\u00e7\u00f5es e tendo em vista o que consta no processo n\u00ba 088115\/2011-19,<\/p>\n\n\n<p><strong>RESOLVE:<\/strong><\/p>\n\n\n<p>Tornar sem efeito a Portaria n\u00ba. 1620, de 13 de julho de 2011, publicada no Di\u00e1rio Oficial da Uni\u00e3o de 18 de julho de 2011, se\u00e7\u00e3o 2, p\u00e1g. 27 referente \u00e0 designa\u00e7\u00e3o de LUIZ CARLOS DA SILVA \u2013 201320, CPF n\u00ba \u275a\u275a\u275a.\u275a\u275a\u275a.\u275a\u275a\u275a-\u275a\u275a, do cargo de confian\u00e7a de Assessor de Desenvolvimento de Projetos do REUNI, CD-03, do Gabinete do Reitor.<\/p><p><\/p>\n\n\n<div style=\"height:15px\" aria-hidden=\"true\" class=\"wp-block-spacer\"><\/div>\n\n\n<div class=\"wp-block-buttons is-content-justification-right is-layout-flex wp-container-core-buttons-is-layout-1 wp-block-buttons-is-layout-flex\">\n<div class=\"wp-block-button has-custom-font-size is-style-outline has-small-font-size is-style-outline--1\"><a class=\"wp-block-button__link\" href=\"https:\/\/progepe.ufpr.br\/portarias\/wp-content\/uploads\/pcp\/RT\/2011\/1693R.pdf\" style=\"border-radius:0px\" target=\"_blank\" rel=\"noreferrer noopener\">Acesse o arquivo da portaria<\/a><\/div><\/div>\n","protected":false},"excerpt":{"rendered":"<p>Tornar sem efeito a Portaria n\u00ba. 1620, de 13 de julho de 2011, publicada no Di\u00e1rio Oficial da Uni\u00e3o de 18 de julho de 2011, se\u00e7\u00e3o 2, p\u00e1g. 27 referente \u00e0 designa\u00e7\u00e3o de LUIZ CARLOS DA SILVA \u2013 201320, CPF n\u00ba \u275a\u275a\u275a.\u275a\u275a\u275a.\u275a\u275a\u275a-\u275a\u275a, do cargo de confian\u00e7a de Assessor de Desenvolvimento de Projetos do REUNI, CD-03, do Gabinete do Reitor.  {&#8220;height&#8221;:&#8221;15px&#8221;} <\/p>\n<div style=\"height:15px\" aria-hidden=\"true\" class=\"wp-block-spacer\"> <!-- \/wp:spacer  {\"layout\":{\"type\":\"flex\",\"justifyContent\":\"right\"}} \n\n<div class=\"wp-block-buttons\"><!-- wp:button {\"style\":{\"border\":{\"radius\":\"0px\"}},\"className\":\"is-style-outline\",\"fontSize\":\"small\"} \n\n<div class=\"wp-block-button has-custom-font-size is-style-outline has-small-font-size\"><a class=\"wp-block-button__link\" href=\"https:\/\/progepe.ufpr.br\/portarias\/wp-content\/uploads\/pcp\/RT\/2011\/1693R.pdf\" style=\"border-radius:0px\" target=\"_blank\" rel=\"noreferrer noopener\">Acesse o arquivo da portaria<\/a><!-- \/wp:button <!-- \/wp:buttons\n<\/p>\n","protected":false},"author":41,"featured_media":0,"comment_status":"closed","ping_status":"closed","sticky":false,"template":"wp-custom-template-emissao-entre-01-05-2004-ate-30-06-2017","format":"standard","meta":{"_acf_changed":false,"iawp_total_views":0,"footnotes":""},"categories":[117],"tags":[120],"class_list":["post-164294","post","type-post","status-publish","format-standard","hentry","category-rt","tag-funcao"],"acf":[],"_links":{"self":[{"href":"https:\/\/progepe.ufpr.br\/portarias\/wp-json\/wp\/v2\/posts\/164294","targetHints":{"allow":["GET"]}}],"collection":[{"href":"https:\/\/progepe.ufpr.br\/portarias\/wp-json\/wp\/v2\/posts"}],"about":[{"href":"https:\/\/progepe.ufpr.br\/portarias\/wp-json\/wp\/v2\/types\/post"}],"author":[{"embeddable":true,"href":"https:\/\/progepe.ufpr.br\/portarias\/wp-json\/wp\/v2\/users\/41"}],"replies":[{"embeddable":true,"href":"https:\/\/progepe.ufpr.br\/portarias\/wp-json\/wp\/v2\/comments?post=164294"}],"version-history":[{"count":1,"href":"https:\/\/progepe.ufpr.br\/portarias\/wp-json\/wp\/v2\/posts\/164294\/revisions"}],"predecessor-version":[{"id":203645,"href":"https:\/\/progepe.ufpr.br\/portarias\/wp-json\/wp\/v2\/posts\/164294\/revisions\/203645"}],"wp:attachment":[{"href":"https:\/\/progepe.ufpr.br\/portarias\/wp-json\/wp\/v2\/media?parent=164294"}],"wp:term":[{"taxonomy":"category","embeddable":true,"href":"https:\/\/progepe.ufpr.br\/portarias\/wp-json\/wp\/v2\/categories?post=164294"},{"taxonomy":"post_tag","embeddable":true,"href":"https:\/\/progepe.ufpr.br\/portarias\/wp-json\/wp\/v2\/tags?post=164294"}],"curies":[{"name":"wp","href":"https:\/\/api.w.org\/{rel}","templated":true}]}}