{"id":164333,"date":"2011-02-04T05:02:00","date_gmt":"2011-02-04T07:02:00","guid":{"rendered":"http:\/\/progepe.ufpr.br\/portarias\/rt-2011-01406\/"},"modified":"2023-08-03T13:04:58","modified_gmt":"2023-08-03T16:04:58","slug":"rt-2011-01406","status":"publish","type":"post","link":"https:\/\/progepe.ufpr.br\/portarias\/rt-2011-01406\/","title":{"rendered":"PORTARIA N\u00ba 01406\/REITORIA, DE 04 DE FEVEREIRO DE 2011"},"content":{"rendered":"\n<p>O Vice-Reitor da Universidade Federal do Paran\u00e1, no exerc\u00edcio do cargo de Reitor, no uso de suas atribui\u00e7\u00f5es e tendo em vista o que consta no processo n\u00ba 055196\/2010-81,<\/p>\n\n\n<p><strong>RESOLVE:<\/strong><\/p>\n\n\n<p>I. Tornar sem efeito a Portaria n\u00ba 1.359\/REITOR, de 29 de dezembro de 2010.<\/p><p> II. Designar como representantes da Comiss\u00e3o Permanente do Pessoal Docente &#8211; CPPD, com mandato de 02 (dois) anos, a partir de 01 de fevereiro de 2011, os seguintes Professores: Setor de Ci\u00eancias Agr\u00e1rias ALESSANDRO CAMARGO ANGELO &#8211; 154482 LUCIMERIS RUARO &#8211; 189685 Setor de Ci\u00eancias Biol\u00f3gicas MARIA REGINA FERREIRA DA COSTA &#8211; 123331 MARIA REGINA TORRES BOEGER &#8211; 120529 Setor de Ci\u00eancias da Terra LUIS LOPES DINIZ FILHO &#8211; 158399 HIDEO ARAKI &#8211; 101770 Setor de Educa\u00e7\u00e3o CELSO DE MORAES PINHEIRO &#8211; 191493 SUSANA DA COSTA FERREIRA &#8211; 105660 Rog\u00e9rio Andrade Mulinari (continua) mrw M I N I S T E R I O  D A  E D U C A \u00c7 \u00c3 O UNIVERSIDADE FEDERAL DO PARAN\u00c1 (continua\u00e7\u00e3o) PORTARIA N\u00ba 1406 , DE 04 DE FEVEREIRO  DE 2011.<\/p><p> Setor de Ci\u00eancias Exatas NELVA MARIA ZIBETTI SGANZERLA &#8211; 064149 ROSSANO SILVA &#8211; 201950 Setor de Ci\u00eancias Sociais Aplicadas LAERCIO LHORET &#8211; 069671 Setor de Ci\u00eancias da Sa\u00fade ELIANE CARNEIRO GOMES &#8211; 124702 MARGARET CRISTINA DA SILVA BOGUSZEWSKI &#8211; 155802 Setor de Ci\u00eancias Jur\u00eddicas EMERSON GABARDO &#8211; 202044 RICARDO PRESTES PAZELLO &#8211; 201999 Setor de Tecnologia WALDYR DE LIMA E SILVA JUNIOR &#8211; 139386 ARISLETE DANTAS DE AQUINO &#8211; 137383 Setor Litoral MARGIO CEZAR LOSS KLOCK &#8211; 190233 GRACIELA INES PRESAS AREU &#8211; 200688 (fim)<\/p><p><\/p>\n\n\n<div style=\"height:15px\" aria-hidden=\"true\" class=\"wp-block-spacer\"><\/div>\n\n\n<div class=\"wp-block-buttons is-content-justification-right is-layout-flex wp-container-core-buttons-is-layout-1 wp-block-buttons-is-layout-flex\">\n<div class=\"wp-block-button has-custom-font-size is-style-outline has-small-font-size is-style-outline--1\"><a class=\"wp-block-button__link\" href=\"https:\/\/progepe.ufpr.br\/portarias\/wp-content\/uploads\/pcp\/RT\/2011\/1406R.pdf\" style=\"border-radius:0px\" target=\"_blank\" rel=\"noreferrer noopener\">Acesse o arquivo da portaria<\/a><\/div><\/div>\n","protected":false},"excerpt":{"rendered":"<p>I. Tornar sem efeito a Portaria n\u00ba 1.359\/REITOR, de 29 de dezembro de 2010. II. Designar como representantes da Comiss\u00e3o Permanente do Pessoal Docente &#8211; CPPD, com mandato de 02 (dois) anos, a partir de 01 de fevereiro de 2011, os seguintes Professores: Setor de Ci\u00eancias Agr\u00e1rias ALESSANDRO CAMARGO ANGELO &#8211; 154482 LUCIMERIS RUARO &#8211; 189685 Setor de Ci\u00eancias Biol\u00f3gicas MARIA REGINA FERREIRA DA COSTA &#8211; 123331 MARIA REGINA TORRES BOEGER &#8211; 120529 Setor de Ci\u00eancias da Terra LUIS LOPES DINIZ FILHO &#8211; 158399 HIDEO ARAKI &#8211; 101770 Setor de Educa\u00e7\u00e3o CELSO DE MORAES PINHEIRO &#8211; 191493 SUSANA<\/p>\n","protected":false},"author":41,"featured_media":0,"comment_status":"closed","ping_status":"closed","sticky":false,"template":"wp-custom-template-emissao-entre-01-05-2004-ate-30-06-2017","format":"standard","meta":{"_acf_changed":false,"iawp_total_views":0,"footnotes":""},"categories":[117],"tags":[126],"class_list":["post-164333","post","type-post","status-publish","format-standard","hentry","category-rt","tag-representante"],"acf":[],"_links":{"self":[{"href":"https:\/\/progepe.ufpr.br\/portarias\/wp-json\/wp\/v2\/posts\/164333","targetHints":{"allow":["GET"]}}],"collection":[{"href":"https:\/\/progepe.ufpr.br\/portarias\/wp-json\/wp\/v2\/posts"}],"about":[{"href":"https:\/\/progepe.ufpr.br\/portarias\/wp-json\/wp\/v2\/types\/post"}],"author":[{"embeddable":true,"href":"https:\/\/progepe.ufpr.br\/portarias\/wp-json\/wp\/v2\/users\/41"}],"replies":[{"embeddable":true,"href":"https:\/\/progepe.ufpr.br\/portarias\/wp-json\/wp\/v2\/comments?post=164333"}],"version-history":[{"count":1,"href":"https:\/\/progepe.ufpr.br\/portarias\/wp-json\/wp\/v2\/posts\/164333\/revisions"}],"predecessor-version":[{"id":203684,"href":"https:\/\/progepe.ufpr.br\/portarias\/wp-json\/wp\/v2\/posts\/164333\/revisions\/203684"}],"wp:attachment":[{"href":"https:\/\/progepe.ufpr.br\/portarias\/wp-json\/wp\/v2\/media?parent=164333"}],"wp:term":[{"taxonomy":"category","embeddable":true,"href":"https:\/\/progepe.ufpr.br\/portarias\/wp-json\/wp\/v2\/categories?post=164333"},{"taxonomy":"post_tag","embeddable":true,"href":"https:\/\/progepe.ufpr.br\/portarias\/wp-json\/wp\/v2\/tags?post=164333"}],"curies":[{"name":"wp","href":"https:\/\/api.w.org\/{rel}","templated":true}]}}