{"id":164757,"date":"2011-02-01T10:17:00","date_gmt":"2011-02-01T12:17:00","guid":{"rendered":"http:\/\/progepe.ufpr.br\/portarias\/progepe-2011-08090\/"},"modified":"2023-08-03T11:27:20","modified_gmt":"2023-08-03T14:27:20","slug":"progepe-2011-08090","status":"publish","type":"post","link":"https:\/\/progepe.ufpr.br\/portarias\/progepe-2011-08090\/","title":{"rendered":"PORTARIA N\u00ba 08090\/PROGEPE, DE 01 DE FEVEREIRO DE 2011"},"content":{"rendered":"\n<p>A Pr\u00f3-Reitora de Gest\u00e3o de Pessoas da Universidade Federal do Paran\u00e1, em exerc\u00edcio, no uso de suas atribui\u00e7\u00f5es, tendo em vista a compet\u00eancia que lhe \u00e9 conferida pela Portaria n\u00ba 2.590, de 26 de setembro de 1997; art. 87 da Lei 8.112\/90 e ainda o contido no processo n\u00ba 058226\/2010-10,<\/p>\n\n\n<p><strong>RESOLVE:<\/strong><\/p>\n\n\n<p>Conceder licen\u00e7a para capacita\u00e7\u00e3o, integral, remunerada, da professora IVANILDA HIGA &#8211; 151130, classe Adjunto, lotada no Departamento de Teoria e Pr\u00e1tica de Ensino do Setor de Educa\u00e7\u00e3o, para participar do Est\u00e1gio de Pesquisa composto de 04 (quatro) etapas: Estudos sobre abordagens qualitativasde Pesquisa; Sistematiza\u00e7\u00e3o de Pesquisas j\u00e1 Desenvolvidas; Projeto A \u00e1rea de ensino de F\u00edsica: resgate de sua constitui\u00e7\u00e3o e Est\u00e1gio no Exterior;  na Universidade Federal do Paran\u00e1 em conjunto com a Universidade de S\u00e3o Paulo e  a Universidade Federal do ABC e a IOE (University of  London \u2013 Inglaterra), no per\u00edodo de 07 de abril a 05 de julho de 2011.<\/p><p> Lania Virginia Busnello Vaz Garcia<\/p><p><\/p>\n\n\n<div style=\"height:15px\" aria-hidden=\"true\" class=\"wp-block-spacer\"><\/div>\n\n\n<div class=\"wp-block-buttons is-content-justification-right is-layout-flex wp-container-core-buttons-is-layout-1 wp-block-buttons-is-layout-flex\">\n<div class=\"wp-block-button has-custom-font-size is-style-outline has-small-font-size is-style-outline--1\"><a class=\"wp-block-button__link\" href=\"https:\/\/progepe.ufpr.br\/portarias\/wp-content\/uploads\/pcp\/PROGEPE\/2011\/8090PR.pdf\" style=\"border-radius:0px\" target=\"_blank\" rel=\"noreferrer noopener\">Acesse o arquivo da portaria<\/a><\/div><\/div>\n","protected":false},"excerpt":{"rendered":"<p>Conceder licen\u00e7a para capacita\u00e7\u00e3o, integral, remunerada, da professora IVANILDA HIGA &#8211; 151130, classe Adjunto, lotada no Departamento de Teoria e Pr\u00e1tica de Ensino do Setor de Educa\u00e7\u00e3o, para participar do Est\u00e1gio de Pesquisa composto de 04 (quatro) etapas: Estudos sobre abordagens qualitativasde Pesquisa; Sistematiza\u00e7\u00e3o de Pesquisas j\u00e1 Desenvolvidas; Projeto A \u00e1rea de ensino de F\u00edsica: resgate de sua constitui\u00e7\u00e3o e Est\u00e1gio no Exterior; na Universidade Federal do Paran\u00e1 em conjunto com a Universidade de S\u00e3o Paulo e a Universidade Federal do ABC e a IOE (University of London \u2013 Inglaterra), no per\u00edodo de 07 de abril a 05<\/p>\n","protected":false},"author":41,"featured_media":0,"comment_status":"closed","ping_status":"closed","sticky":false,"template":"wp-custom-template-emissao-entre-01-05-2004-ate-30-06-2017","format":"standard","meta":{"_acf_changed":false,"iawp_total_views":0,"footnotes":""},"categories":[116],"tags":[123],"class_list":["post-164757","post","type-post","status-publish","format-standard","hentry","category-progepe","tag-afastamento-licenca"],"acf":[],"_links":{"self":[{"href":"https:\/\/progepe.ufpr.br\/portarias\/wp-json\/wp\/v2\/posts\/164757","targetHints":{"allow":["GET"]}}],"collection":[{"href":"https:\/\/progepe.ufpr.br\/portarias\/wp-json\/wp\/v2\/posts"}],"about":[{"href":"https:\/\/progepe.ufpr.br\/portarias\/wp-json\/wp\/v2\/types\/post"}],"author":[{"embeddable":true,"href":"https:\/\/progepe.ufpr.br\/portarias\/wp-json\/wp\/v2\/users\/41"}],"replies":[{"embeddable":true,"href":"https:\/\/progepe.ufpr.br\/portarias\/wp-json\/wp\/v2\/comments?post=164757"}],"version-history":[{"count":1,"href":"https:\/\/progepe.ufpr.br\/portarias\/wp-json\/wp\/v2\/posts\/164757\/revisions"}],"predecessor-version":[{"id":204103,"href":"https:\/\/progepe.ufpr.br\/portarias\/wp-json\/wp\/v2\/posts\/164757\/revisions\/204103"}],"wp:attachment":[{"href":"https:\/\/progepe.ufpr.br\/portarias\/wp-json\/wp\/v2\/media?parent=164757"}],"wp:term":[{"taxonomy":"category","embeddable":true,"href":"https:\/\/progepe.ufpr.br\/portarias\/wp-json\/wp\/v2\/categories?post=164757"},{"taxonomy":"post_tag","embeddable":true,"href":"https:\/\/progepe.ufpr.br\/portarias\/wp-json\/wp\/v2\/tags?post=164757"}],"curies":[{"name":"wp","href":"https:\/\/api.w.org\/{rel}","templated":true}]}}